{"id":216,"count":48,"description":"<em>Sage<\/em>, notre magazine trimestriel, fourmille d\u2019articles int\u00e9ressants et informatifs sur des questions qui importent \u00e0 nos membres. Qu\u2019il s\u2019agisse de campagnes de d\u00e9fense des int\u00e9r\u00eats, d\u2019entrevues \u00e9clairantes, de mises \u00e0 jour sur les soins de sant\u00e9 ou de planification de la retraite,\u00a0<em>Sage<\/em>\u00a0vous pr\u00e9sente toute l\u2019information incontournable.","link":"https:\/\/staging2.federalretirees.ca\/fr\/publications\/la-magazine-sage\/","name":"Le magazine Sage","slug":"la-magazine-sage","taxonomy":"resource-type","parent":0,"meta":[],"acf":[],"yoast_head":"<!-- This site is optimized with the Yoast SEO plugin v27.5 - https:\/\/yoast.com\/product\/yoast-seo-wordpress\/ -->\n<title>Le magazine Sage - Association nationale des retrait\u00e9s f\u00e9d\u00e9raux<\/title>\n<meta name=\"robots\" content=\"noindex, follow, max-snippet:-1, max-image-preview:large, max-video-preview:-1\" \/>\n<meta property=\"og:locale\" content=\"fr_FR\" \/>\n<meta property=\"og:type\" content=\"article\" \/>\n<meta property=\"og:title\" content=\"Le magazine Sage - Association nationale des retrait\u00e9s f\u00e9d\u00e9raux\" \/>\n<meta property=\"og:description\" content=\"Sage, notre magazine trimestriel, fourmille d\u2019articles int\u00e9ressants et informatifs sur des questions qui importent \u00e0 nos membres. Qu\u2019il s\u2019agisse de campagnes de d\u00e9fense des int\u00e9r\u00eats, d\u2019entrevues \u00e9clairantes, de mises \u00e0 jour sur les soins de sant\u00e9 ou de planification de la retraite,\u00a0Sage\u00a0vous pr\u00e9sente toute l\u2019information incontournable.\" \/>\n<meta property=\"og:url\" content=\"https:\/\/staging2.federalretirees.ca\/fr\/publications\/la-magazine-sage\/\" \/>\n<meta property=\"og:site_name\" content=\"Association nationale des retrait\u00e9s f\u00e9d\u00e9raux\" \/>\n<meta property=\"og:image\" content=\"https:\/\/staging2.federalretirees.ca\/wp-content\/uploads\/2026\/01\/GettyImages-1248256443-e1769585752444.jpg\" \/>\n\t<meta property=\"og:image:width\" content=\"2120\" \/>\n\t<meta property=\"og:image:height\" content=\"980\" \/>\n\t<meta property=\"og:image:type\" content=\"image\/jpeg\" \/>\n<meta name=\"twitter:card\" content=\"summary_large_image\" \/>\n<meta name=\"twitter:site\" content=\"@fedretirees\" \/>\n<script type=\"application\/ld+json\" class=\"yoast-schema-graph\">{\"@context\":\"https:\\\/\\\/schema.org\",\"@graph\":[{\"@type\":\"CollectionPage\",\"@id\":\"https:\\\/\\\/staging2.federalretirees.ca\\\/fr\\\/publications\\\/la-magazine-sage\\\/\",\"url\":\"https:\\\/\\\/staging2.federalretirees.ca\\\/fr\\\/publications\\\/la-magazine-sage\\\/\",\"name\":\"Le magazine Sage - Association nationale des retrait\u00e9s f\u00e9d\u00e9raux\",\"isPartOf\":{\"@id\":\"https:\\\/\\\/nafr.dev.sparkadvocacy.dev\\\/#website\"},\"breadcrumb\":{\"@id\":\"https:\\\/\\\/staging2.federalretirees.ca\\\/fr\\\/publications\\\/la-magazine-sage\\\/#breadcrumb\"},\"inLanguage\":\"fr-FR\"},{\"@type\":\"BreadcrumbList\",\"@id\":\"https:\\\/\\\/staging2.federalretirees.ca\\\/fr\\\/publications\\\/la-magazine-sage\\\/#breadcrumb\",\"itemListElement\":[{\"@type\":\"ListItem\",\"position\":1,\"name\":\"Home\",\"item\":\"https:\\\/\\\/nafr.dev.sparkadvocacy.dev\\\/fr\\\/\"},{\"@type\":\"ListItem\",\"position\":2,\"name\":\"Le magazine Sage\"}]},{\"@type\":\"WebSite\",\"@id\":\"https:\\\/\\\/nafr.dev.sparkadvocacy.dev\\\/#website\",\"url\":\"https:\\\/\\\/nafr.dev.sparkadvocacy.dev\\\/\",\"name\":\"National Association of Federal Retirees\",\"description\":\"\",\"potentialAction\":[{\"@type\":\"SearchAction\",\"target\":{\"@type\":\"EntryPoint\",\"urlTemplate\":\"https:\\\/\\\/nafr.dev.sparkadvocacy.dev\\\/?s={search_term_string}\"},\"query-input\":{\"@type\":\"PropertyValueSpecification\",\"valueRequired\":true,\"valueName\":\"search_term_string\"}}],\"inLanguage\":\"fr-FR\"}]}<\/script>\n<!-- \/ Yoast SEO plugin. -->","yoast_head_json":{"title":"Le magazine Sage - Association nationale des retrait\u00e9s f\u00e9d\u00e9raux","robots":{"index":"noindex","follow":"follow","max-snippet":"max-snippet:-1","max-image-preview":"max-image-preview:large","max-video-preview":"max-video-preview:-1"},"og_locale":"fr_FR","og_type":"article","og_title":"Le magazine Sage - Association nationale des retrait\u00e9s f\u00e9d\u00e9raux","og_description":"Sage, notre magazine trimestriel, fourmille d\u2019articles int\u00e9ressants et informatifs sur des questions qui importent \u00e0 nos membres. Qu\u2019il s\u2019agisse de campagnes de d\u00e9fense des int\u00e9r\u00eats, d\u2019entrevues \u00e9clairantes, de mises \u00e0 jour sur les soins de sant\u00e9 ou de planification de la retraite,\u00a0Sage\u00a0vous pr\u00e9sente toute l\u2019information incontournable.","og_url":"https:\/\/staging2.federalretirees.ca\/fr\/publications\/la-magazine-sage\/","og_site_name":"Association nationale des retrait\u00e9s f\u00e9d\u00e9raux","og_image":[{"width":2120,"height":980,"url":"https:\/\/staging2.federalretirees.ca\/wp-content\/uploads\/2026\/01\/GettyImages-1248256443-e1769585752444.jpg","type":"image\/jpeg"}],"twitter_card":"summary_large_image","twitter_site":"@fedretirees","schema":{"@context":"https:\/\/schema.org","@graph":[{"@type":"CollectionPage","@id":"https:\/\/staging2.federalretirees.ca\/fr\/publications\/la-magazine-sage\/","url":"https:\/\/staging2.federalretirees.ca\/fr\/publications\/la-magazine-sage\/","name":"Le magazine Sage - Association nationale des retrait\u00e9s f\u00e9d\u00e9raux","isPartOf":{"@id":"https:\/\/nafr.dev.sparkadvocacy.dev\/#website"},"breadcrumb":{"@id":"https:\/\/staging2.federalretirees.ca\/fr\/publications\/la-magazine-sage\/#breadcrumb"},"inLanguage":"fr-FR"},{"@type":"BreadcrumbList","@id":"https:\/\/staging2.federalretirees.ca\/fr\/publications\/la-magazine-sage\/#breadcrumb","itemListElement":[{"@type":"ListItem","position":1,"name":"Home","item":"https:\/\/nafr.dev.sparkadvocacy.dev\/fr\/"},{"@type":"ListItem","position":2,"name":"Le magazine Sage"}]},{"@type":"WebSite","@id":"https:\/\/nafr.dev.sparkadvocacy.dev\/#website","url":"https:\/\/nafr.dev.sparkadvocacy.dev\/","name":"National Association of Federal Retirees","description":"","potentialAction":[{"@type":"SearchAction","target":{"@type":"EntryPoint","urlTemplate":"https:\/\/nafr.dev.sparkadvocacy.dev\/?s={search_term_string}"},"query-input":{"@type":"PropertyValueSpecification","valueRequired":true,"valueName":"search_term_string"}}],"inLanguage":"fr-FR"}]}},"_links":{"self":[{"href":"https:\/\/staging2.federalretirees.ca\/fr\/wp-json\/wp\/v2\/resource-type\/216","targetHints":{"allow":["GET"]}}],"collection":[{"href":"https:\/\/staging2.federalretirees.ca\/fr\/wp-json\/wp\/v2\/resource-type"}],"about":[{"href":"https:\/\/staging2.federalretirees.ca\/fr\/wp-json\/wp\/v2\/taxonomies\/resource-type"}],"wp:post_type":[{"href":"https:\/\/staging2.federalretirees.ca\/fr\/wp-json\/wp\/v2\/resource?resource-type=216"}],"curies":[{"name":"wp","href":"https:\/\/api.w.org\/{rel}","templated":true}]}}