{"id":6885,"date":"2015-12-18T15:43:56","date_gmt":"2015-12-18T20:43:56","guid":{"rendered":"https:\/\/nafr.dev.sparkadvocacy.dev\/?p=6885"},"modified":"2026-02-05T18:39:57","modified_gmt":"2026-02-05T23:39:57","slug":"un-joyeux-temps-des-fetes-a-vous-et-a-vos-proches","status":"publish","type":"post","link":"https:\/\/staging2.federalretirees.ca\/fr\/nouvelles\/decembre\/un-joyeux-temps-des-fetes-a-vous-et-a-vos-proches\/","title":{"rendered":"Un joyeux temps des F\u00eates \u00e0 vous et \u00e0 vos proches"},"content":{"rendered":"\n<p>\u00c0 l\u2019occasion du temps des f\u00eates, nous r\u00e9fl\u00e9chissons \u00e0 la derni\u00e8re ann\u00e9e : \u00e0 nos r\u00e9ussites, aux d\u00e9fis auxquels nous avons fait face et, surtout, \u00e0 ce dont nous sommes reconnaissants.\n\nL\u2019Association nationale des retrait\u00e9s f\u00e9d\u00e9raux est sinc\u00e8rement reconnaissante de la bonne volont\u00e9 et de la d\u00e9termination de ceux qu\u2019elle sert : ses membres, sur lesquels son succ\u00e8s est fond\u00e9.\n\nAu nom de l&rsquo;Association nationale des retrait\u00e9s f\u00e9d\u00e9raux, nous vous souhaitons, \u00e0 vous et \u00e0 vos proches, un joyeux temps des F\u00eates et une Nouvelle Ann\u00e9e remplie de bonheur, de prosp\u00e9rit\u00e9 et de sant\u00e9.<\/p>\n","protected":false},"excerpt":{"rendered":"<p>\u00c0 l\u2019occasion du temps des f\u00eates, nous r\u00e9fl\u00e9chissons \u00e0 la derni\u00e8re ann\u00e9e : \u00e0 nos r\u00e9ussites, aux d\u00e9fis auxquels nous avons fait face et, surtout, \u00e0 ce dont nous sommes reconnaissants. L\u2019Association nationale des retrait\u00e9s f\u00e9d\u00e9raux est sinc\u00e8rement reconnaissante de&#8230;<\/p>\n","protected":false},"author":27,"featured_media":0,"comment_status":"closed","ping_status":"closed","sticky":false,"template":"","format":"standard","meta":{"_acf_changed":false,"footnotes":""},"categories":[149],"tags":[365],"class_list":["post-6885","post","type-post","status-publish","format-standard","hentry","category-nouvelles-de-lassociation","tag-nouvelles-de-lassociation"],"acf":{"advocacy_priorities":null},"yoast_head":"<!-- This site is optimized with the Yoast SEO plugin v27.5 - https:\/\/yoast.com\/product\/yoast-seo-wordpress\/ -->\n<title>Un joyeux temps des F\u00eates \u00e0 vous et \u00e0 vos proches - Association nationale des retrait\u00e9s f\u00e9d\u00e9raux<\/title>\n<meta name=\"robots\" content=\"noindex, follow, max-snippet:-1, max-image-preview:large, max-video-preview:-1\" \/>\n<meta property=\"og:locale\" content=\"fr_FR\" \/>\n<meta property=\"og:type\" content=\"article\" \/>\n<meta property=\"og:title\" content=\"Un joyeux temps des F\u00eates \u00e0 vous et \u00e0 vos proches - Association nationale des retrait\u00e9s f\u00e9d\u00e9raux\" \/>\n<meta property=\"og:description\" content=\"\u00c0 l\u2019occasion du temps des f\u00eates, nous r\u00e9fl\u00e9chissons \u00e0 la derni\u00e8re ann\u00e9e : \u00e0 nos r\u00e9ussites, aux d\u00e9fis auxquels nous avons fait face et, surtout, \u00e0 ce dont nous sommes reconnaissants. L\u2019Association nationale des retrait\u00e9s f\u00e9d\u00e9raux est sinc\u00e8rement reconnaissante de...\" \/>\n<meta property=\"og:url\" content=\"https:\/\/staging2.federalretirees.ca\/fr\/nouvelles\/decembre\/un-joyeux-temps-des-fetes-a-vous-et-a-vos-proches\/\" \/>\n<meta property=\"og:site_name\" content=\"Association nationale des retrait\u00e9s f\u00e9d\u00e9raux\" \/>\n<meta property=\"article:publisher\" content=\"https:\/\/www.facebook.com\/FederalRetirees\" \/>\n<meta property=\"article:published_time\" content=\"2015-12-18T20:43:56+00:00\" \/>\n<meta property=\"article:modified_time\" content=\"2026-02-05T23:39:57+00:00\" \/>\n<meta property=\"og:image\" content=\"https:\/\/staging2.federalretirees.ca\/wp-content\/uploads\/2026\/01\/GettyImages-1248256443-e1769585752444.jpg\" \/>\n\t<meta property=\"og:image:width\" content=\"2120\" \/>\n\t<meta property=\"og:image:height\" content=\"980\" \/>\n\t<meta property=\"og:image:type\" content=\"image\/jpeg\" \/>\n<meta name=\"author\" content=\"Federal Retirees\" \/>\n<meta name=\"twitter:card\" content=\"summary_large_image\" \/>\n<meta name=\"twitter:creator\" content=\"@fedretirees\" \/>\n<meta name=\"twitter:site\" content=\"@fedretirees\" \/>\n<meta name=\"twitter:label1\" content=\"\u00c9crit par\" \/>\n\t<meta name=\"twitter:data1\" content=\"Federal Retirees\" \/>\n\t<meta name=\"twitter:label2\" content=\"Dur\u00e9e de lecture estim\u00e9e\" \/>\n\t<meta name=\"twitter:data2\" content=\"1 minute\" \/>\n<script type=\"application\/ld+json\" class=\"yoast-schema-graph\">{\"@context\":\"https:\\\/\\\/schema.org\",\"@graph\":[{\"@type\":\"Article\",\"@id\":\"https:\\\/\\\/staging2.federalretirees.ca\\\/fr\\\/nouvelles\\\/decembre\\\/un-joyeux-temps-des-fetes-a-vous-et-a-vos-proches\\\/#article\",\"isPartOf\":{\"@id\":\"https:\\\/\\\/staging2.federalretirees.ca\\\/fr\\\/nouvelles\\\/decembre\\\/un-joyeux-temps-des-fetes-a-vous-et-a-vos-proches\\\/\"},\"author\":{\"name\":\"Federal Retirees\",\"@id\":\"https:\\\/\\\/nafr.dev.sparkadvocacy.dev\\\/#\\\/schema\\\/person\\\/eafc9268b05dc44bc390cbc6c57ff476\"},\"headline\":\"Un joyeux temps des F\u00eates \u00e0 vous et \u00e0 vos proches\",\"datePublished\":\"2015-12-18T20:43:56+00:00\",\"dateModified\":\"2026-02-05T23:39:57+00:00\",\"mainEntityOfPage\":{\"@id\":\"https:\\\/\\\/staging2.federalretirees.ca\\\/fr\\\/nouvelles\\\/decembre\\\/un-joyeux-temps-des-fetes-a-vous-et-a-vos-proches\\\/\"},\"wordCount\":119,\"keywords\":[\"Nouvelles de l&#039;Association\"],\"articleSection\":[\"Nouvelles de l'Association\"],\"inLanguage\":\"fr-FR\"},{\"@type\":\"WebPage\",\"@id\":\"https:\\\/\\\/staging2.federalretirees.ca\\\/fr\\\/nouvelles\\\/decembre\\\/un-joyeux-temps-des-fetes-a-vous-et-a-vos-proches\\\/\",\"url\":\"https:\\\/\\\/staging2.federalretirees.ca\\\/fr\\\/nouvelles\\\/decembre\\\/un-joyeux-temps-des-fetes-a-vous-et-a-vos-proches\\\/\",\"name\":\"Un joyeux temps des F\u00eates \u00e0 vous et \u00e0 vos proches - Association nationale des retrait\u00e9s f\u00e9d\u00e9raux\",\"isPartOf\":{\"@id\":\"https:\\\/\\\/nafr.dev.sparkadvocacy.dev\\\/#website\"},\"datePublished\":\"2015-12-18T20:43:56+00:00\",\"dateModified\":\"2026-02-05T23:39:57+00:00\",\"author\":{\"@id\":\"https:\\\/\\\/nafr.dev.sparkadvocacy.dev\\\/#\\\/schema\\\/person\\\/eafc9268b05dc44bc390cbc6c57ff476\"},\"breadcrumb\":{\"@id\":\"https:\\\/\\\/staging2.federalretirees.ca\\\/fr\\\/nouvelles\\\/decembre\\\/un-joyeux-temps-des-fetes-a-vous-et-a-vos-proches\\\/#breadcrumb\"},\"inLanguage\":\"fr-FR\",\"potentialAction\":[{\"@type\":\"ReadAction\",\"target\":[\"https:\\\/\\\/staging2.federalretirees.ca\\\/fr\\\/nouvelles\\\/decembre\\\/un-joyeux-temps-des-fetes-a-vous-et-a-vos-proches\\\/\"]}]},{\"@type\":\"BreadcrumbList\",\"@id\":\"https:\\\/\\\/staging2.federalretirees.ca\\\/fr\\\/nouvelles\\\/decembre\\\/un-joyeux-temps-des-fetes-a-vous-et-a-vos-proches\\\/#breadcrumb\",\"itemListElement\":[{\"@type\":\"ListItem\",\"position\":1,\"name\":\"Home\",\"item\":\"https:\\\/\\\/nafr.dev.sparkadvocacy.dev\\\/fr\\\/\"},{\"@type\":\"ListItem\",\"position\":2,\"name\":\"Un joyeux temps des F\u00eates \u00e0 vous et \u00e0 vos proches\"}]},{\"@type\":\"WebSite\",\"@id\":\"https:\\\/\\\/nafr.dev.sparkadvocacy.dev\\\/#website\",\"url\":\"https:\\\/\\\/nafr.dev.sparkadvocacy.dev\\\/\",\"name\":\"National Association of Federal Retirees\",\"description\":\"\",\"potentialAction\":[{\"@type\":\"SearchAction\",\"target\":{\"@type\":\"EntryPoint\",\"urlTemplate\":\"https:\\\/\\\/nafr.dev.sparkadvocacy.dev\\\/?s={search_term_string}\"},\"query-input\":{\"@type\":\"PropertyValueSpecification\",\"valueRequired\":true,\"valueName\":\"search_term_string\"}}],\"inLanguage\":\"fr-FR\"},{\"@type\":\"Person\",\"@id\":\"https:\\\/\\\/nafr.dev.sparkadvocacy.dev\\\/#\\\/schema\\\/person\\\/eafc9268b05dc44bc390cbc6c57ff476\",\"name\":\"Federal Retirees\",\"image\":{\"@type\":\"ImageObject\",\"inLanguage\":\"fr-FR\",\"@id\":\"https:\\\/\\\/secure.gravatar.com\\\/avatar\\\/6d4a9693168abccf5d742b2510dcfefb1da1c0b64c74dd6803ad2131a67cd6ac?s=96&d=mm&r=g\",\"url\":\"https:\\\/\\\/secure.gravatar.com\\\/avatar\\\/6d4a9693168abccf5d742b2510dcfefb1da1c0b64c74dd6803ad2131a67cd6ac?s=96&d=mm&r=g\",\"contentUrl\":\"https:\\\/\\\/secure.gravatar.com\\\/avatar\\\/6d4a9693168abccf5d742b2510dcfefb1da1c0b64c74dd6803ad2131a67cd6ac?s=96&d=mm&r=g\",\"caption\":\"Federal Retirees\"},\"url\":\"https:\\\/\\\/staging2.federalretirees.ca\\\/fr\\\/author\\\/servicefederalretirees-ca\\\/\"}]}<\/script>\n<!-- \/ Yoast SEO plugin. -->","yoast_head_json":{"title":"Un joyeux temps des F\u00eates \u00e0 vous et \u00e0 vos proches - Association nationale des retrait\u00e9s f\u00e9d\u00e9raux","robots":{"index":"noindex","follow":"follow","max-snippet":"max-snippet:-1","max-image-preview":"max-image-preview:large","max-video-preview":"max-video-preview:-1"},"og_locale":"fr_FR","og_type":"article","og_title":"Un joyeux temps des F\u00eates \u00e0 vous et \u00e0 vos proches - Association nationale des retrait\u00e9s f\u00e9d\u00e9raux","og_description":"\u00c0 l\u2019occasion du temps des f\u00eates, nous r\u00e9fl\u00e9chissons \u00e0 la derni\u00e8re ann\u00e9e : \u00e0 nos r\u00e9ussites, aux d\u00e9fis auxquels nous avons fait face et, surtout, \u00e0 ce dont nous sommes reconnaissants. L\u2019Association nationale des retrait\u00e9s f\u00e9d\u00e9raux est sinc\u00e8rement reconnaissante de...","og_url":"https:\/\/staging2.federalretirees.ca\/fr\/nouvelles\/decembre\/un-joyeux-temps-des-fetes-a-vous-et-a-vos-proches\/","og_site_name":"Association nationale des retrait\u00e9s f\u00e9d\u00e9raux","article_publisher":"https:\/\/www.facebook.com\/FederalRetirees","article_published_time":"2015-12-18T20:43:56+00:00","article_modified_time":"2026-02-05T23:39:57+00:00","og_image":[{"width":2120,"height":980,"url":"https:\/\/staging2.federalretirees.ca\/wp-content\/uploads\/2026\/01\/GettyImages-1248256443-e1769585752444.jpg","type":"image\/jpeg"}],"author":"Federal Retirees","twitter_card":"summary_large_image","twitter_creator":"@fedretirees","twitter_site":"@fedretirees","twitter_misc":{"\u00c9crit par":"Federal Retirees","Dur\u00e9e de lecture estim\u00e9e":"1 minute"},"schema":{"@context":"https:\/\/schema.org","@graph":[{"@type":"Article","@id":"https:\/\/staging2.federalretirees.ca\/fr\/nouvelles\/decembre\/un-joyeux-temps-des-fetes-a-vous-et-a-vos-proches\/#article","isPartOf":{"@id":"https:\/\/staging2.federalretirees.ca\/fr\/nouvelles\/decembre\/un-joyeux-temps-des-fetes-a-vous-et-a-vos-proches\/"},"author":{"name":"Federal Retirees","@id":"https:\/\/nafr.dev.sparkadvocacy.dev\/#\/schema\/person\/eafc9268b05dc44bc390cbc6c57ff476"},"headline":"Un joyeux temps des F\u00eates \u00e0 vous et \u00e0 vos proches","datePublished":"2015-12-18T20:43:56+00:00","dateModified":"2026-02-05T23:39:57+00:00","mainEntityOfPage":{"@id":"https:\/\/staging2.federalretirees.ca\/fr\/nouvelles\/decembre\/un-joyeux-temps-des-fetes-a-vous-et-a-vos-proches\/"},"wordCount":119,"keywords":["Nouvelles de l&#039;Association"],"articleSection":["Nouvelles de l'Association"],"inLanguage":"fr-FR"},{"@type":"WebPage","@id":"https:\/\/staging2.federalretirees.ca\/fr\/nouvelles\/decembre\/un-joyeux-temps-des-fetes-a-vous-et-a-vos-proches\/","url":"https:\/\/staging2.federalretirees.ca\/fr\/nouvelles\/decembre\/un-joyeux-temps-des-fetes-a-vous-et-a-vos-proches\/","name":"Un joyeux temps des F\u00eates \u00e0 vous et \u00e0 vos proches - Association nationale des retrait\u00e9s f\u00e9d\u00e9raux","isPartOf":{"@id":"https:\/\/nafr.dev.sparkadvocacy.dev\/#website"},"datePublished":"2015-12-18T20:43:56+00:00","dateModified":"2026-02-05T23:39:57+00:00","author":{"@id":"https:\/\/nafr.dev.sparkadvocacy.dev\/#\/schema\/person\/eafc9268b05dc44bc390cbc6c57ff476"},"breadcrumb":{"@id":"https:\/\/staging2.federalretirees.ca\/fr\/nouvelles\/decembre\/un-joyeux-temps-des-fetes-a-vous-et-a-vos-proches\/#breadcrumb"},"inLanguage":"fr-FR","potentialAction":[{"@type":"ReadAction","target":["https:\/\/staging2.federalretirees.ca\/fr\/nouvelles\/decembre\/un-joyeux-temps-des-fetes-a-vous-et-a-vos-proches\/"]}]},{"@type":"BreadcrumbList","@id":"https:\/\/staging2.federalretirees.ca\/fr\/nouvelles\/decembre\/un-joyeux-temps-des-fetes-a-vous-et-a-vos-proches\/#breadcrumb","itemListElement":[{"@type":"ListItem","position":1,"name":"Home","item":"https:\/\/nafr.dev.sparkadvocacy.dev\/fr\/"},{"@type":"ListItem","position":2,"name":"Un joyeux temps des F\u00eates \u00e0 vous et \u00e0 vos proches"}]},{"@type":"WebSite","@id":"https:\/\/nafr.dev.sparkadvocacy.dev\/#website","url":"https:\/\/nafr.dev.sparkadvocacy.dev\/","name":"National Association of Federal Retirees","description":"","potentialAction":[{"@type":"SearchAction","target":{"@type":"EntryPoint","urlTemplate":"https:\/\/nafr.dev.sparkadvocacy.dev\/?s={search_term_string}"},"query-input":{"@type":"PropertyValueSpecification","valueRequired":true,"valueName":"search_term_string"}}],"inLanguage":"fr-FR"},{"@type":"Person","@id":"https:\/\/nafr.dev.sparkadvocacy.dev\/#\/schema\/person\/eafc9268b05dc44bc390cbc6c57ff476","name":"Federal Retirees","image":{"@type":"ImageObject","inLanguage":"fr-FR","@id":"https:\/\/secure.gravatar.com\/avatar\/6d4a9693168abccf5d742b2510dcfefb1da1c0b64c74dd6803ad2131a67cd6ac?s=96&d=mm&r=g","url":"https:\/\/secure.gravatar.com\/avatar\/6d4a9693168abccf5d742b2510dcfefb1da1c0b64c74dd6803ad2131a67cd6ac?s=96&d=mm&r=g","contentUrl":"https:\/\/secure.gravatar.com\/avatar\/6d4a9693168abccf5d742b2510dcfefb1da1c0b64c74dd6803ad2131a67cd6ac?s=96&d=mm&r=g","caption":"Federal Retirees"},"url":"https:\/\/staging2.federalretirees.ca\/fr\/author\/servicefederalretirees-ca\/"}]}},"_links":{"self":[{"href":"https:\/\/staging2.federalretirees.ca\/fr\/wp-json\/wp\/v2\/posts\/6885","targetHints":{"allow":["GET"]}}],"collection":[{"href":"https:\/\/staging2.federalretirees.ca\/fr\/wp-json\/wp\/v2\/posts"}],"about":[{"href":"https:\/\/staging2.federalretirees.ca\/fr\/wp-json\/wp\/v2\/types\/post"}],"author":[{"embeddable":true,"href":"https:\/\/staging2.federalretirees.ca\/fr\/wp-json\/wp\/v2\/users\/27"}],"replies":[{"embeddable":true,"href":"https:\/\/staging2.federalretirees.ca\/fr\/wp-json\/wp\/v2\/comments?post=6885"}],"version-history":[{"count":0,"href":"https:\/\/staging2.federalretirees.ca\/fr\/wp-json\/wp\/v2\/posts\/6885\/revisions"}],"wp:attachment":[{"href":"https:\/\/staging2.federalretirees.ca\/fr\/wp-json\/wp\/v2\/media?parent=6885"}],"wp:term":[{"taxonomy":"category","embeddable":true,"href":"https:\/\/staging2.federalretirees.ca\/fr\/wp-json\/wp\/v2\/categories?post=6885"},{"taxonomy":"post_tag","embeddable":true,"href":"https:\/\/staging2.federalretirees.ca\/fr\/wp-json\/wp\/v2\/tags?post=6885"}],"curies":[{"name":"wp","href":"https:\/\/api.w.org\/{rel}","templated":true}]}}