{"id":6803,"date":"2017-08-23T19:14:14","date_gmt":"2017-08-23T23:14:14","guid":{"rendered":"https:\/\/nafr.dev.sparkadvocacy.dev\/?p=6803"},"modified":"2026-02-04T20:28:06","modified_gmt":"2026-02-05T01:28:06","slug":"initiative-de-communication-avec-les-anciens-combattants","status":"publish","type":"post","link":"https:\/\/staging2.federalretirees.ca\/fr\/nouvelles\/aout\/initiative-de-communication-avec-les-anciens-combattants\/","title":{"rendered":"Initiative de communication avec les anciens combattants"},"content":{"rendered":"\n<p>En collaboration avec les sections situ\u00e9es pr\u00e8s de 12 bases des Forces arm\u00e9es canadiennes au pays, notre Bureau national organisera des forums publics de la mi-octobre au d\u00e9but de novembre. Nous consulterons les membres en poste et retrait\u00e9s des Forces arm\u00e9es canadiennes et de la GRC&nbsp;ainsi que leurs familles au sujet du processus de transition \u00e0 la vie civile et des experiences des anciens combattants par la suite. Les r\u00e9sultats de ces discussions seront int\u00e9gr\u00e9s \u00e0 un rapport qui sera pr\u00e9sent\u00e9 au printemps prochain aux ministres f\u00e9d\u00e9raux de la D\u00e9fense, d\u2019Anciens Combattants et de la S\u00e9curit\u00e9 publique. Soyez \u00e0 l\u2019aff\u00fbt des mises \u00e0 jour \u00e0 ce sujet au cours des prochains mois dans notre bulletin \u00e9lectronique, sur <a href=\"\/fr\/defense-des-interets\/initiative-de-communication-avec-les-veterans\">notre site Web<\/a> et dans <em>Sage<\/em>.\n&nbsp;<\/p>\n","protected":false},"excerpt":{"rendered":"<p>En collaboration avec les sections situ\u00e9es pr\u00e8s de 12 bases des Forces arm\u00e9es canadiennes au pays, notre Bureau national organisera des forums publics de la mi-octobre au d\u00e9but de novembre. Nous consulterons les membres en poste et retrait\u00e9s des Forces&#8230;<\/p>\n","protected":false},"author":27,"featured_media":12620,"comment_status":"closed","ping_status":"closed","sticky":false,"template":"","format":"standard","meta":{"_acf_changed":false,"footnotes":""},"categories":[348,151,152],"tags":[363,366,373],"class_list":["post-6803","post","type-post","status-publish","format-standard","has-post-thumbnail","hentry","category-actualites-sur-la-defense-des-interets","category-forces-armees-canadiennes","category-grc-et-veterans","tag-actualites-sur-la-defense-des-interets","tag-forces-armees-canadiennes","tag-grc-et-veterans"],"acf":{"advocacy_priorities":null},"yoast_head":"<!-- This site is optimized with the Yoast SEO plugin v27.5 - https:\/\/yoast.com\/product\/yoast-seo-wordpress\/ -->\n<title>Initiative de communication avec les anciens combattants - Association nationale des retrait\u00e9s f\u00e9d\u00e9raux<\/title>\n<meta name=\"robots\" content=\"noindex, follow, max-snippet:-1, max-image-preview:large, max-video-preview:-1\" \/>\n<meta property=\"og:locale\" content=\"fr_FR\" \/>\n<meta property=\"og:type\" content=\"article\" \/>\n<meta property=\"og:title\" content=\"Initiative de communication avec les anciens combattants - Association nationale des retrait\u00e9s f\u00e9d\u00e9raux\" \/>\n<meta property=\"og:description\" content=\"En collaboration avec les sections situ\u00e9es pr\u00e8s de 12 bases des Forces arm\u00e9es canadiennes au pays, notre Bureau national organisera des forums publics de la mi-octobre au d\u00e9but de novembre. Nous consulterons les membres en poste et retrait\u00e9s des Forces...\" \/>\n<meta property=\"og:url\" content=\"https:\/\/staging2.federalretirees.ca\/fr\/nouvelles\/aout\/initiative-de-communication-avec-les-anciens-combattants\/\" \/>\n<meta property=\"og:site_name\" content=\"Association nationale des retrait\u00e9s f\u00e9d\u00e9raux\" \/>\n<meta property=\"article:publisher\" content=\"https:\/\/www.facebook.com\/FederalRetirees\" \/>\n<meta property=\"article:published_time\" content=\"2017-08-23T23:14:14+00:00\" \/>\n<meta property=\"article:modified_time\" content=\"2026-02-05T01:28:06+00:00\" \/>\n<meta property=\"og:image\" content=\"https:\/\/nafr.dev.sparkadvocacy.dev\/wp-content\/uploads\/2026\/01\/canadadrapeauflag.png\" \/>\n\t<meta property=\"og:image:width\" content=\"540\" \/>\n\t<meta property=\"og:image:height\" content=\"360\" \/>\n\t<meta property=\"og:image:type\" content=\"image\/png\" \/>\n<meta name=\"author\" content=\"Federal Retirees\" \/>\n<meta name=\"twitter:card\" content=\"summary_large_image\" \/>\n<meta name=\"twitter:creator\" content=\"@fedretirees\" \/>\n<meta name=\"twitter:site\" content=\"@fedretirees\" \/>\n<meta name=\"twitter:label1\" content=\"\u00c9crit par\" \/>\n\t<meta name=\"twitter:data1\" content=\"Federal Retirees\" \/>\n\t<meta name=\"twitter:label2\" content=\"Dur\u00e9e de lecture estim\u00e9e\" \/>\n\t<meta name=\"twitter:data2\" content=\"1 minute\" \/>\n<script type=\"application\/ld+json\" class=\"yoast-schema-graph\">{\"@context\":\"https:\\\/\\\/schema.org\",\"@graph\":[{\"@type\":\"Article\",\"@id\":\"https:\\\/\\\/staging2.federalretirees.ca\\\/fr\\\/nouvelles\\\/aout\\\/initiative-de-communication-avec-les-anciens-combattants\\\/#article\",\"isPartOf\":{\"@id\":\"https:\\\/\\\/staging2.federalretirees.ca\\\/fr\\\/nouvelles\\\/aout\\\/initiative-de-communication-avec-les-anciens-combattants\\\/\"},\"author\":{\"name\":\"Federal Retirees\",\"@id\":\"https:\\\/\\\/nafr.dev.sparkadvocacy.dev\\\/#\\\/schema\\\/person\\\/eafc9268b05dc44bc390cbc6c57ff476\"},\"headline\":\"Initiative de communication avec les anciens combattants\",\"datePublished\":\"2017-08-23T23:14:14+00:00\",\"dateModified\":\"2026-02-05T01:28:06+00:00\",\"mainEntityOfPage\":{\"@id\":\"https:\\\/\\\/staging2.federalretirees.ca\\\/fr\\\/nouvelles\\\/aout\\\/initiative-de-communication-avec-les-anciens-combattants\\\/\"},\"wordCount\":144,\"image\":{\"@id\":\"https:\\\/\\\/staging2.federalretirees.ca\\\/fr\\\/nouvelles\\\/aout\\\/initiative-de-communication-avec-les-anciens-combattants\\\/#primaryimage\"},\"thumbnailUrl\":\"https:\\\/\\\/staging2.federalretirees.ca\\\/wp-content\\\/uploads\\\/2026\\\/01\\\/canadadrapeauflag.png\",\"keywords\":[\"Actualit\u00e9s sur la d\u00e9fense des int\u00e9r\u00eats\",\"Forces arm\u00e9es canadiennes\",\"GRC et v\u00e9t\u00e9rans\"],\"articleSection\":[\"Actualit\u00e9s sur la d\u00e9fense des int\u00e9r\u00eats\",\"Forces arm\u00e9es canadiennes\",\"GRC et v\u00e9t\u00e9rans\"],\"inLanguage\":\"fr-FR\"},{\"@type\":\"WebPage\",\"@id\":\"https:\\\/\\\/staging2.federalretirees.ca\\\/fr\\\/nouvelles\\\/aout\\\/initiative-de-communication-avec-les-anciens-combattants\\\/\",\"url\":\"https:\\\/\\\/staging2.federalretirees.ca\\\/fr\\\/nouvelles\\\/aout\\\/initiative-de-communication-avec-les-anciens-combattants\\\/\",\"name\":\"Initiative de communication avec les anciens combattants - Association nationale des retrait\u00e9s f\u00e9d\u00e9raux\",\"isPartOf\":{\"@id\":\"https:\\\/\\\/nafr.dev.sparkadvocacy.dev\\\/#website\"},\"primaryImageOfPage\":{\"@id\":\"https:\\\/\\\/staging2.federalretirees.ca\\\/fr\\\/nouvelles\\\/aout\\\/initiative-de-communication-avec-les-anciens-combattants\\\/#primaryimage\"},\"image\":{\"@id\":\"https:\\\/\\\/staging2.federalretirees.ca\\\/fr\\\/nouvelles\\\/aout\\\/initiative-de-communication-avec-les-anciens-combattants\\\/#primaryimage\"},\"thumbnailUrl\":\"https:\\\/\\\/staging2.federalretirees.ca\\\/wp-content\\\/uploads\\\/2026\\\/01\\\/canadadrapeauflag.png\",\"datePublished\":\"2017-08-23T23:14:14+00:00\",\"dateModified\":\"2026-02-05T01:28:06+00:00\",\"author\":{\"@id\":\"https:\\\/\\\/nafr.dev.sparkadvocacy.dev\\\/#\\\/schema\\\/person\\\/eafc9268b05dc44bc390cbc6c57ff476\"},\"breadcrumb\":{\"@id\":\"https:\\\/\\\/staging2.federalretirees.ca\\\/fr\\\/nouvelles\\\/aout\\\/initiative-de-communication-avec-les-anciens-combattants\\\/#breadcrumb\"},\"inLanguage\":\"fr-FR\",\"potentialAction\":[{\"@type\":\"ReadAction\",\"target\":[\"https:\\\/\\\/staging2.federalretirees.ca\\\/fr\\\/nouvelles\\\/aout\\\/initiative-de-communication-avec-les-anciens-combattants\\\/\"]}]},{\"@type\":\"ImageObject\",\"inLanguage\":\"fr-FR\",\"@id\":\"https:\\\/\\\/staging2.federalretirees.ca\\\/fr\\\/nouvelles\\\/aout\\\/initiative-de-communication-avec-les-anciens-combattants\\\/#primaryimage\",\"url\":\"https:\\\/\\\/staging2.federalretirees.ca\\\/wp-content\\\/uploads\\\/2026\\\/01\\\/canadadrapeauflag.png\",\"contentUrl\":\"https:\\\/\\\/staging2.federalretirees.ca\\\/wp-content\\\/uploads\\\/2026\\\/01\\\/canadadrapeauflag.png\",\"width\":540,\"height\":360},{\"@type\":\"BreadcrumbList\",\"@id\":\"https:\\\/\\\/staging2.federalretirees.ca\\\/fr\\\/nouvelles\\\/aout\\\/initiative-de-communication-avec-les-anciens-combattants\\\/#breadcrumb\",\"itemListElement\":[{\"@type\":\"ListItem\",\"position\":1,\"name\":\"Home\",\"item\":\"https:\\\/\\\/nafr.dev.sparkadvocacy.dev\\\/fr\\\/\"},{\"@type\":\"ListItem\",\"position\":2,\"name\":\"Initiative de communication avec les anciens combattants\"}]},{\"@type\":\"WebSite\",\"@id\":\"https:\\\/\\\/nafr.dev.sparkadvocacy.dev\\\/#website\",\"url\":\"https:\\\/\\\/nafr.dev.sparkadvocacy.dev\\\/\",\"name\":\"National Association of Federal Retirees\",\"description\":\"\",\"potentialAction\":[{\"@type\":\"SearchAction\",\"target\":{\"@type\":\"EntryPoint\",\"urlTemplate\":\"https:\\\/\\\/nafr.dev.sparkadvocacy.dev\\\/?s={search_term_string}\"},\"query-input\":{\"@type\":\"PropertyValueSpecification\",\"valueRequired\":true,\"valueName\":\"search_term_string\"}}],\"inLanguage\":\"fr-FR\"},{\"@type\":\"Person\",\"@id\":\"https:\\\/\\\/nafr.dev.sparkadvocacy.dev\\\/#\\\/schema\\\/person\\\/eafc9268b05dc44bc390cbc6c57ff476\",\"name\":\"Federal Retirees\",\"image\":{\"@type\":\"ImageObject\",\"inLanguage\":\"fr-FR\",\"@id\":\"https:\\\/\\\/secure.gravatar.com\\\/avatar\\\/6d4a9693168abccf5d742b2510dcfefb1da1c0b64c74dd6803ad2131a67cd6ac?s=96&d=mm&r=g\",\"url\":\"https:\\\/\\\/secure.gravatar.com\\\/avatar\\\/6d4a9693168abccf5d742b2510dcfefb1da1c0b64c74dd6803ad2131a67cd6ac?s=96&d=mm&r=g\",\"contentUrl\":\"https:\\\/\\\/secure.gravatar.com\\\/avatar\\\/6d4a9693168abccf5d742b2510dcfefb1da1c0b64c74dd6803ad2131a67cd6ac?s=96&d=mm&r=g\",\"caption\":\"Federal Retirees\"},\"url\":\"https:\\\/\\\/staging2.federalretirees.ca\\\/fr\\\/author\\\/servicefederalretirees-ca\\\/\"}]}<\/script>\n<!-- \/ Yoast SEO plugin. -->","yoast_head_json":{"title":"Initiative de communication avec les anciens combattants - Association nationale des retrait\u00e9s f\u00e9d\u00e9raux","robots":{"index":"noindex","follow":"follow","max-snippet":"max-snippet:-1","max-image-preview":"max-image-preview:large","max-video-preview":"max-video-preview:-1"},"og_locale":"fr_FR","og_type":"article","og_title":"Initiative de communication avec les anciens combattants - Association nationale des retrait\u00e9s f\u00e9d\u00e9raux","og_description":"En collaboration avec les sections situ\u00e9es pr\u00e8s de 12 bases des Forces arm\u00e9es canadiennes au pays, notre Bureau national organisera des forums publics de la mi-octobre au d\u00e9but de novembre. Nous consulterons les membres en poste et retrait\u00e9s des Forces...","og_url":"https:\/\/staging2.federalretirees.ca\/fr\/nouvelles\/aout\/initiative-de-communication-avec-les-anciens-combattants\/","og_site_name":"Association nationale des retrait\u00e9s f\u00e9d\u00e9raux","article_publisher":"https:\/\/www.facebook.com\/FederalRetirees","article_published_time":"2017-08-23T23:14:14+00:00","article_modified_time":"2026-02-05T01:28:06+00:00","og_image":[{"width":540,"height":360,"url":"https:\/\/nafr.dev.sparkadvocacy.dev\/wp-content\/uploads\/2026\/01\/canadadrapeauflag.png","type":"image\/png"}],"author":"Federal Retirees","twitter_card":"summary_large_image","twitter_creator":"@fedretirees","twitter_site":"@fedretirees","twitter_misc":{"\u00c9crit par":"Federal Retirees","Dur\u00e9e de lecture estim\u00e9e":"1 minute"},"schema":{"@context":"https:\/\/schema.org","@graph":[{"@type":"Article","@id":"https:\/\/staging2.federalretirees.ca\/fr\/nouvelles\/aout\/initiative-de-communication-avec-les-anciens-combattants\/#article","isPartOf":{"@id":"https:\/\/staging2.federalretirees.ca\/fr\/nouvelles\/aout\/initiative-de-communication-avec-les-anciens-combattants\/"},"author":{"name":"Federal Retirees","@id":"https:\/\/nafr.dev.sparkadvocacy.dev\/#\/schema\/person\/eafc9268b05dc44bc390cbc6c57ff476"},"headline":"Initiative de communication avec les anciens combattants","datePublished":"2017-08-23T23:14:14+00:00","dateModified":"2026-02-05T01:28:06+00:00","mainEntityOfPage":{"@id":"https:\/\/staging2.federalretirees.ca\/fr\/nouvelles\/aout\/initiative-de-communication-avec-les-anciens-combattants\/"},"wordCount":144,"image":{"@id":"https:\/\/staging2.federalretirees.ca\/fr\/nouvelles\/aout\/initiative-de-communication-avec-les-anciens-combattants\/#primaryimage"},"thumbnailUrl":"https:\/\/staging2.federalretirees.ca\/wp-content\/uploads\/2026\/01\/canadadrapeauflag.png","keywords":["Actualit\u00e9s sur la d\u00e9fense des int\u00e9r\u00eats","Forces arm\u00e9es canadiennes","GRC et v\u00e9t\u00e9rans"],"articleSection":["Actualit\u00e9s sur la d\u00e9fense des int\u00e9r\u00eats","Forces arm\u00e9es canadiennes","GRC et v\u00e9t\u00e9rans"],"inLanguage":"fr-FR"},{"@type":"WebPage","@id":"https:\/\/staging2.federalretirees.ca\/fr\/nouvelles\/aout\/initiative-de-communication-avec-les-anciens-combattants\/","url":"https:\/\/staging2.federalretirees.ca\/fr\/nouvelles\/aout\/initiative-de-communication-avec-les-anciens-combattants\/","name":"Initiative de communication avec les anciens combattants - Association nationale des retrait\u00e9s f\u00e9d\u00e9raux","isPartOf":{"@id":"https:\/\/nafr.dev.sparkadvocacy.dev\/#website"},"primaryImageOfPage":{"@id":"https:\/\/staging2.federalretirees.ca\/fr\/nouvelles\/aout\/initiative-de-communication-avec-les-anciens-combattants\/#primaryimage"},"image":{"@id":"https:\/\/staging2.federalretirees.ca\/fr\/nouvelles\/aout\/initiative-de-communication-avec-les-anciens-combattants\/#primaryimage"},"thumbnailUrl":"https:\/\/staging2.federalretirees.ca\/wp-content\/uploads\/2026\/01\/canadadrapeauflag.png","datePublished":"2017-08-23T23:14:14+00:00","dateModified":"2026-02-05T01:28:06+00:00","author":{"@id":"https:\/\/nafr.dev.sparkadvocacy.dev\/#\/schema\/person\/eafc9268b05dc44bc390cbc6c57ff476"},"breadcrumb":{"@id":"https:\/\/staging2.federalretirees.ca\/fr\/nouvelles\/aout\/initiative-de-communication-avec-les-anciens-combattants\/#breadcrumb"},"inLanguage":"fr-FR","potentialAction":[{"@type":"ReadAction","target":["https:\/\/staging2.federalretirees.ca\/fr\/nouvelles\/aout\/initiative-de-communication-avec-les-anciens-combattants\/"]}]},{"@type":"ImageObject","inLanguage":"fr-FR","@id":"https:\/\/staging2.federalretirees.ca\/fr\/nouvelles\/aout\/initiative-de-communication-avec-les-anciens-combattants\/#primaryimage","url":"https:\/\/staging2.federalretirees.ca\/wp-content\/uploads\/2026\/01\/canadadrapeauflag.png","contentUrl":"https:\/\/staging2.federalretirees.ca\/wp-content\/uploads\/2026\/01\/canadadrapeauflag.png","width":540,"height":360},{"@type":"BreadcrumbList","@id":"https:\/\/staging2.federalretirees.ca\/fr\/nouvelles\/aout\/initiative-de-communication-avec-les-anciens-combattants\/#breadcrumb","itemListElement":[{"@type":"ListItem","position":1,"name":"Home","item":"https:\/\/nafr.dev.sparkadvocacy.dev\/fr\/"},{"@type":"ListItem","position":2,"name":"Initiative de communication avec les anciens combattants"}]},{"@type":"WebSite","@id":"https:\/\/nafr.dev.sparkadvocacy.dev\/#website","url":"https:\/\/nafr.dev.sparkadvocacy.dev\/","name":"National Association of Federal Retirees","description":"","potentialAction":[{"@type":"SearchAction","target":{"@type":"EntryPoint","urlTemplate":"https:\/\/nafr.dev.sparkadvocacy.dev\/?s={search_term_string}"},"query-input":{"@type":"PropertyValueSpecification","valueRequired":true,"valueName":"search_term_string"}}],"inLanguage":"fr-FR"},{"@type":"Person","@id":"https:\/\/nafr.dev.sparkadvocacy.dev\/#\/schema\/person\/eafc9268b05dc44bc390cbc6c57ff476","name":"Federal Retirees","image":{"@type":"ImageObject","inLanguage":"fr-FR","@id":"https:\/\/secure.gravatar.com\/avatar\/6d4a9693168abccf5d742b2510dcfefb1da1c0b64c74dd6803ad2131a67cd6ac?s=96&d=mm&r=g","url":"https:\/\/secure.gravatar.com\/avatar\/6d4a9693168abccf5d742b2510dcfefb1da1c0b64c74dd6803ad2131a67cd6ac?s=96&d=mm&r=g","contentUrl":"https:\/\/secure.gravatar.com\/avatar\/6d4a9693168abccf5d742b2510dcfefb1da1c0b64c74dd6803ad2131a67cd6ac?s=96&d=mm&r=g","caption":"Federal Retirees"},"url":"https:\/\/staging2.federalretirees.ca\/fr\/author\/servicefederalretirees-ca\/"}]}},"_links":{"self":[{"href":"https:\/\/staging2.federalretirees.ca\/fr\/wp-json\/wp\/v2\/posts\/6803","targetHints":{"allow":["GET"]}}],"collection":[{"href":"https:\/\/staging2.federalretirees.ca\/fr\/wp-json\/wp\/v2\/posts"}],"about":[{"href":"https:\/\/staging2.federalretirees.ca\/fr\/wp-json\/wp\/v2\/types\/post"}],"author":[{"embeddable":true,"href":"https:\/\/staging2.federalretirees.ca\/fr\/wp-json\/wp\/v2\/users\/27"}],"replies":[{"embeddable":true,"href":"https:\/\/staging2.federalretirees.ca\/fr\/wp-json\/wp\/v2\/comments?post=6803"}],"version-history":[{"count":0,"href":"https:\/\/staging2.federalretirees.ca\/fr\/wp-json\/wp\/v2\/posts\/6803\/revisions"}],"wp:featuredmedia":[{"embeddable":true,"href":"https:\/\/staging2.federalretirees.ca\/fr\/wp-json\/wp\/v2\/media\/12620"}],"wp:attachment":[{"href":"https:\/\/staging2.federalretirees.ca\/fr\/wp-json\/wp\/v2\/media?parent=6803"}],"wp:term":[{"taxonomy":"category","embeddable":true,"href":"https:\/\/staging2.federalretirees.ca\/fr\/wp-json\/wp\/v2\/categories?post=6803"},{"taxonomy":"post_tag","embeddable":true,"href":"https:\/\/staging2.federalretirees.ca\/fr\/wp-json\/wp\/v2\/tags?post=6803"}],"curies":[{"name":"wp","href":"https:\/\/api.w.org\/{rel}","templated":true}]}}