{"id":6769,"date":"2018-02-28T14:52:18","date_gmt":"2018-02-28T19:52:18","guid":{"rendered":"https:\/\/nafr.dev.sparkadvocacy.dev\/?p=6769"},"modified":"2026-02-05T18:39:21","modified_gmt":"2026-02-05T23:39:21","slug":"le-president-de-retraites-federaux-sollicite-la-retroaction-des-membres","status":"publish","type":"post","link":"https:\/\/staging2.federalretirees.ca\/fr\/nouvelles\/fevrier\/le-president-de-retraites-federaux-sollicite-la-retroaction-des-membres\/","title":{"rendered":"Le pr\u00e9sident de Retrait\u00e9s f\u00e9d\u00e9raux sollicite la r\u00e9troaction des membres"},"content":{"rendered":"\n<form action=\"\/fr-CA\/News-Views\/News-Listing\/Feb\/Federal-Retirees-President-Seeks-Member-Feedback\" id=\"form1\" method=\"post\">\n<section>\n<p>Si ces premiers mois sont un pr\u00e9sage, l\u2019ann\u00e9e&nbsp;2018 est sur le point d\u2019\u00eatre tr\u00e8s charg\u00e9e pour Retrait\u00e9s f\u00e9d\u00e9raux, alors que nous poursuivons nos <a href=\"https:\/\/www.retraitesfederaux.ca\/fr-CA\/Advocacy\/Priorities\" target=\"_blank\">projets de d\u00e9fense des int\u00e9r\u00eats en cours<\/a>&nbsp;et que nous nous pr\u00e9parons \u00e0 nous battre pour les priorit\u00e9s de nos membres lors de l\u2019\u00e9lection de 2019.<\/p>\n\n<p>Afin de relever de front les d\u00e9fis de l\u2019avenir, le pr\u00e9sident de l\u2019Association, Jean-Guy Souli\u00e8re, a fait part de son document de discussion intitul\u00e9 <em><a href=\"https:\/\/www.federalretirees.cahttps:\/\/staging2.federalretirees.ca\/wp-content\/uploads\/2026\/02\/regardverslavenir.pdf\">Regard vers l\u2019avenir<\/a><\/em>, qui vise \u00e0 offrir une vision \u00e0 long terme pour Retrait\u00e9s f\u00e9d\u00e9raux, une vision qui situe l\u2019Association dans le contexte plus large des tendances nationales et qui anticipe les besoins futurs de nos membres.<\/p>\n\n<p>Nous vous encourageons \u00e0 lire <em>Regard vers l\u2019avenir<\/em> et, si vous le faites, nous aimerions beaucoup conna\u00eetre <a href=\"https:\/\/www.retraitesfederaux.ca\/fr-CA\/News-Views\/Moving-Forward-Have-Your-Say\">ce que vous en pensez<\/a>. Vos commentaires sont essentiels \u00e0 notre planification \u00e0 long terme et seront int\u00e9gr\u00e9s aux plans strat\u00e9giques de l\u2019Association.<\/p>\n\n<p>Nous vous invitons \u00e0 <a href=\"https:\/\/www.retraitesfederaux.ca\/fr-CA\/News-Views\/Moving-Forward-Have-Your-Say\">participer \u00e0 notre sondage anonyme<\/a>&nbsp;d\u2019ici le <strong>lundi 30 avril 2018<\/strong> ou avant.<\/p>\n\n<p>Pour obtenir une copie imprim\u00e9e du document de discussion ou du sondage, veuillez communiquer avec le Bureau national au 1-855-304-4700 (sans frais).<\/p>\n<\/section>\n<\/form>\n","protected":false},"excerpt":{"rendered":"<p>Si ces premiers mois sont un pr\u00e9sage, l\u2019ann\u00e9e&nbsp;2018 est sur le point d\u2019\u00eatre tr\u00e8s charg\u00e9e pour Retrait\u00e9s f\u00e9d\u00e9raux, alors que nous poursuivons nos projets de d\u00e9fense des int\u00e9r\u00eats en cours&nbsp;et que nous nous pr\u00e9parons \u00e0 nous battre pour les priorit\u00e9s&#8230;<\/p>\n","protected":false},"author":27,"featured_media":12594,"comment_status":"closed","ping_status":"closed","sticky":false,"template":"","format":"standard","meta":{"_acf_changed":false,"footnotes":""},"categories":[149],"tags":[365],"class_list":["post-6769","post","type-post","status-publish","format-standard","has-post-thumbnail","hentry","category-nouvelles-de-lassociation","tag-nouvelles-de-lassociation"],"acf":{"advocacy_priorities":null},"yoast_head":"<!-- This site is optimized with the Yoast SEO plugin v27.5 - https:\/\/yoast.com\/product\/yoast-seo-wordpress\/ -->\n<title>Le pr\u00e9sident de Retrait\u00e9s f\u00e9d\u00e9raux sollicite la r\u00e9troaction des membres - Association nationale des retrait\u00e9s f\u00e9d\u00e9raux<\/title>\n<meta name=\"robots\" content=\"noindex, follow, max-snippet:-1, max-image-preview:large, max-video-preview:-1\" \/>\n<meta property=\"og:locale\" content=\"fr_FR\" \/>\n<meta property=\"og:type\" content=\"article\" \/>\n<meta property=\"og:title\" content=\"Le pr\u00e9sident de Retrait\u00e9s f\u00e9d\u00e9raux sollicite la r\u00e9troaction des membres - Association nationale des retrait\u00e9s f\u00e9d\u00e9raux\" \/>\n<meta property=\"og:description\" content=\"Si ces premiers mois sont un pr\u00e9sage, l\u2019ann\u00e9e&nbsp;2018 est sur le point d\u2019\u00eatre tr\u00e8s charg\u00e9e pour Retrait\u00e9s f\u00e9d\u00e9raux, alors que nous poursuivons nos projets de d\u00e9fense des int\u00e9r\u00eats en cours&nbsp;et que nous nous pr\u00e9parons \u00e0 nous battre pour les priorit\u00e9s...\" \/>\n<meta property=\"og:url\" content=\"https:\/\/staging2.federalretirees.ca\/fr\/nouvelles\/fevrier\/le-president-de-retraites-federaux-sollicite-la-retroaction-des-membres\/\" \/>\n<meta property=\"og:site_name\" content=\"Association nationale des retrait\u00e9s f\u00e9d\u00e9raux\" \/>\n<meta property=\"article:publisher\" content=\"https:\/\/www.facebook.com\/FederalRetirees\" \/>\n<meta property=\"article:published_time\" content=\"2018-02-28T19:52:18+00:00\" \/>\n<meta property=\"article:modified_time\" content=\"2026-02-05T23:39:21+00:00\" \/>\n<meta property=\"og:image\" content=\"https:\/\/nafr.dev.sparkadvocacy.dev\/wp-content\/uploads\/2026\/01\/movingforward_newsitem.png\" \/>\n\t<meta property=\"og:image:width\" content=\"540\" \/>\n\t<meta property=\"og:image:height\" content=\"360\" \/>\n\t<meta property=\"og:image:type\" content=\"image\/png\" \/>\n<meta name=\"author\" content=\"Federal Retirees\" \/>\n<meta name=\"twitter:card\" content=\"summary_large_image\" \/>\n<meta name=\"twitter:creator\" content=\"@fedretirees\" \/>\n<meta name=\"twitter:site\" content=\"@fedretirees\" \/>\n<meta name=\"twitter:label1\" content=\"\u00c9crit par\" \/>\n\t<meta name=\"twitter:data1\" content=\"Federal Retirees\" \/>\n\t<meta name=\"twitter:label2\" content=\"Dur\u00e9e de lecture estim\u00e9e\" \/>\n\t<meta name=\"twitter:data2\" content=\"1 minute\" \/>\n<script type=\"application\/ld+json\" class=\"yoast-schema-graph\">{\"@context\":\"https:\\\/\\\/schema.org\",\"@graph\":[{\"@type\":\"Article\",\"@id\":\"https:\\\/\\\/staging2.federalretirees.ca\\\/fr\\\/nouvelles\\\/fevrier\\\/le-president-de-retraites-federaux-sollicite-la-retroaction-des-membres\\\/#article\",\"isPartOf\":{\"@id\":\"https:\\\/\\\/staging2.federalretirees.ca\\\/fr\\\/nouvelles\\\/fevrier\\\/le-president-de-retraites-federaux-sollicite-la-retroaction-des-membres\\\/\"},\"author\":{\"name\":\"Federal Retirees\",\"@id\":\"https:\\\/\\\/nafr.dev.sparkadvocacy.dev\\\/#\\\/schema\\\/person\\\/eafc9268b05dc44bc390cbc6c57ff476\"},\"headline\":\"Le pr\u00e9sident de Retrait\u00e9s f\u00e9d\u00e9raux sollicite la r\u00e9troaction des membres\",\"datePublished\":\"2018-02-28T19:52:18+00:00\",\"dateModified\":\"2026-02-05T23:39:21+00:00\",\"mainEntityOfPage\":{\"@id\":\"https:\\\/\\\/staging2.federalretirees.ca\\\/fr\\\/nouvelles\\\/fevrier\\\/le-president-de-retraites-federaux-sollicite-la-retroaction-des-membres\\\/\"},\"wordCount\":231,\"image\":{\"@id\":\"https:\\\/\\\/staging2.federalretirees.ca\\\/fr\\\/nouvelles\\\/fevrier\\\/le-president-de-retraites-federaux-sollicite-la-retroaction-des-membres\\\/#primaryimage\"},\"thumbnailUrl\":\"https:\\\/\\\/staging2.federalretirees.ca\\\/wp-content\\\/uploads\\\/2026\\\/01\\\/movingforward_newsitem.png\",\"keywords\":[\"Nouvelles de l&#039;Association\"],\"articleSection\":[\"Nouvelles de l'Association\"],\"inLanguage\":\"fr-FR\"},{\"@type\":\"WebPage\",\"@id\":\"https:\\\/\\\/staging2.federalretirees.ca\\\/fr\\\/nouvelles\\\/fevrier\\\/le-president-de-retraites-federaux-sollicite-la-retroaction-des-membres\\\/\",\"url\":\"https:\\\/\\\/staging2.federalretirees.ca\\\/fr\\\/nouvelles\\\/fevrier\\\/le-president-de-retraites-federaux-sollicite-la-retroaction-des-membres\\\/\",\"name\":\"Le pr\u00e9sident de Retrait\u00e9s f\u00e9d\u00e9raux sollicite la r\u00e9troaction des membres - Association nationale des retrait\u00e9s f\u00e9d\u00e9raux\",\"isPartOf\":{\"@id\":\"https:\\\/\\\/nafr.dev.sparkadvocacy.dev\\\/#website\"},\"primaryImageOfPage\":{\"@id\":\"https:\\\/\\\/staging2.federalretirees.ca\\\/fr\\\/nouvelles\\\/fevrier\\\/le-president-de-retraites-federaux-sollicite-la-retroaction-des-membres\\\/#primaryimage\"},\"image\":{\"@id\":\"https:\\\/\\\/staging2.federalretirees.ca\\\/fr\\\/nouvelles\\\/fevrier\\\/le-president-de-retraites-federaux-sollicite-la-retroaction-des-membres\\\/#primaryimage\"},\"thumbnailUrl\":\"https:\\\/\\\/staging2.federalretirees.ca\\\/wp-content\\\/uploads\\\/2026\\\/01\\\/movingforward_newsitem.png\",\"datePublished\":\"2018-02-28T19:52:18+00:00\",\"dateModified\":\"2026-02-05T23:39:21+00:00\",\"author\":{\"@id\":\"https:\\\/\\\/nafr.dev.sparkadvocacy.dev\\\/#\\\/schema\\\/person\\\/eafc9268b05dc44bc390cbc6c57ff476\"},\"breadcrumb\":{\"@id\":\"https:\\\/\\\/staging2.federalretirees.ca\\\/fr\\\/nouvelles\\\/fevrier\\\/le-president-de-retraites-federaux-sollicite-la-retroaction-des-membres\\\/#breadcrumb\"},\"inLanguage\":\"fr-FR\",\"potentialAction\":[{\"@type\":\"ReadAction\",\"target\":[\"https:\\\/\\\/staging2.federalretirees.ca\\\/fr\\\/nouvelles\\\/fevrier\\\/le-president-de-retraites-federaux-sollicite-la-retroaction-des-membres\\\/\"]}]},{\"@type\":\"ImageObject\",\"inLanguage\":\"fr-FR\",\"@id\":\"https:\\\/\\\/staging2.federalretirees.ca\\\/fr\\\/nouvelles\\\/fevrier\\\/le-president-de-retraites-federaux-sollicite-la-retroaction-des-membres\\\/#primaryimage\",\"url\":\"https:\\\/\\\/staging2.federalretirees.ca\\\/wp-content\\\/uploads\\\/2026\\\/01\\\/movingforward_newsitem.png\",\"contentUrl\":\"https:\\\/\\\/staging2.federalretirees.ca\\\/wp-content\\\/uploads\\\/2026\\\/01\\\/movingforward_newsitem.png\",\"width\":540,\"height\":360},{\"@type\":\"BreadcrumbList\",\"@id\":\"https:\\\/\\\/staging2.federalretirees.ca\\\/fr\\\/nouvelles\\\/fevrier\\\/le-president-de-retraites-federaux-sollicite-la-retroaction-des-membres\\\/#breadcrumb\",\"itemListElement\":[{\"@type\":\"ListItem\",\"position\":1,\"name\":\"Home\",\"item\":\"https:\\\/\\\/nafr.dev.sparkadvocacy.dev\\\/fr\\\/\"},{\"@type\":\"ListItem\",\"position\":2,\"name\":\"Le pr\u00e9sident de Retrait\u00e9s f\u00e9d\u00e9raux sollicite la r\u00e9troaction des membres\"}]},{\"@type\":\"WebSite\",\"@id\":\"https:\\\/\\\/nafr.dev.sparkadvocacy.dev\\\/#website\",\"url\":\"https:\\\/\\\/nafr.dev.sparkadvocacy.dev\\\/\",\"name\":\"National Association of Federal Retirees\",\"description\":\"\",\"potentialAction\":[{\"@type\":\"SearchAction\",\"target\":{\"@type\":\"EntryPoint\",\"urlTemplate\":\"https:\\\/\\\/nafr.dev.sparkadvocacy.dev\\\/?s={search_term_string}\"},\"query-input\":{\"@type\":\"PropertyValueSpecification\",\"valueRequired\":true,\"valueName\":\"search_term_string\"}}],\"inLanguage\":\"fr-FR\"},{\"@type\":\"Person\",\"@id\":\"https:\\\/\\\/nafr.dev.sparkadvocacy.dev\\\/#\\\/schema\\\/person\\\/eafc9268b05dc44bc390cbc6c57ff476\",\"name\":\"Federal Retirees\",\"image\":{\"@type\":\"ImageObject\",\"inLanguage\":\"fr-FR\",\"@id\":\"https:\\\/\\\/secure.gravatar.com\\\/avatar\\\/6d4a9693168abccf5d742b2510dcfefb1da1c0b64c74dd6803ad2131a67cd6ac?s=96&d=mm&r=g\",\"url\":\"https:\\\/\\\/secure.gravatar.com\\\/avatar\\\/6d4a9693168abccf5d742b2510dcfefb1da1c0b64c74dd6803ad2131a67cd6ac?s=96&d=mm&r=g\",\"contentUrl\":\"https:\\\/\\\/secure.gravatar.com\\\/avatar\\\/6d4a9693168abccf5d742b2510dcfefb1da1c0b64c74dd6803ad2131a67cd6ac?s=96&d=mm&r=g\",\"caption\":\"Federal Retirees\"},\"url\":\"https:\\\/\\\/staging2.federalretirees.ca\\\/fr\\\/author\\\/servicefederalretirees-ca\\\/\"}]}<\/script>\n<!-- \/ Yoast SEO plugin. -->","yoast_head_json":{"title":"Le pr\u00e9sident de Retrait\u00e9s f\u00e9d\u00e9raux sollicite la r\u00e9troaction des membres - Association nationale des retrait\u00e9s f\u00e9d\u00e9raux","robots":{"index":"noindex","follow":"follow","max-snippet":"max-snippet:-1","max-image-preview":"max-image-preview:large","max-video-preview":"max-video-preview:-1"},"og_locale":"fr_FR","og_type":"article","og_title":"Le pr\u00e9sident de Retrait\u00e9s f\u00e9d\u00e9raux sollicite la r\u00e9troaction des membres - Association nationale des retrait\u00e9s f\u00e9d\u00e9raux","og_description":"Si ces premiers mois sont un pr\u00e9sage, l\u2019ann\u00e9e&nbsp;2018 est sur le point d\u2019\u00eatre tr\u00e8s charg\u00e9e pour Retrait\u00e9s f\u00e9d\u00e9raux, alors que nous poursuivons nos projets de d\u00e9fense des int\u00e9r\u00eats en cours&nbsp;et que nous nous pr\u00e9parons \u00e0 nous battre pour les priorit\u00e9s...","og_url":"https:\/\/staging2.federalretirees.ca\/fr\/nouvelles\/fevrier\/le-president-de-retraites-federaux-sollicite-la-retroaction-des-membres\/","og_site_name":"Association nationale des retrait\u00e9s f\u00e9d\u00e9raux","article_publisher":"https:\/\/www.facebook.com\/FederalRetirees","article_published_time":"2018-02-28T19:52:18+00:00","article_modified_time":"2026-02-05T23:39:21+00:00","og_image":[{"width":540,"height":360,"url":"https:\/\/nafr.dev.sparkadvocacy.dev\/wp-content\/uploads\/2026\/01\/movingforward_newsitem.png","type":"image\/png"}],"author":"Federal Retirees","twitter_card":"summary_large_image","twitter_creator":"@fedretirees","twitter_site":"@fedretirees","twitter_misc":{"\u00c9crit par":"Federal Retirees","Dur\u00e9e de lecture estim\u00e9e":"1 minute"},"schema":{"@context":"https:\/\/schema.org","@graph":[{"@type":"Article","@id":"https:\/\/staging2.federalretirees.ca\/fr\/nouvelles\/fevrier\/le-president-de-retraites-federaux-sollicite-la-retroaction-des-membres\/#article","isPartOf":{"@id":"https:\/\/staging2.federalretirees.ca\/fr\/nouvelles\/fevrier\/le-president-de-retraites-federaux-sollicite-la-retroaction-des-membres\/"},"author":{"name":"Federal Retirees","@id":"https:\/\/nafr.dev.sparkadvocacy.dev\/#\/schema\/person\/eafc9268b05dc44bc390cbc6c57ff476"},"headline":"Le pr\u00e9sident de Retrait\u00e9s f\u00e9d\u00e9raux sollicite la r\u00e9troaction des membres","datePublished":"2018-02-28T19:52:18+00:00","dateModified":"2026-02-05T23:39:21+00:00","mainEntityOfPage":{"@id":"https:\/\/staging2.federalretirees.ca\/fr\/nouvelles\/fevrier\/le-president-de-retraites-federaux-sollicite-la-retroaction-des-membres\/"},"wordCount":231,"image":{"@id":"https:\/\/staging2.federalretirees.ca\/fr\/nouvelles\/fevrier\/le-president-de-retraites-federaux-sollicite-la-retroaction-des-membres\/#primaryimage"},"thumbnailUrl":"https:\/\/staging2.federalretirees.ca\/wp-content\/uploads\/2026\/01\/movingforward_newsitem.png","keywords":["Nouvelles de l&#039;Association"],"articleSection":["Nouvelles de l'Association"],"inLanguage":"fr-FR"},{"@type":"WebPage","@id":"https:\/\/staging2.federalretirees.ca\/fr\/nouvelles\/fevrier\/le-president-de-retraites-federaux-sollicite-la-retroaction-des-membres\/","url":"https:\/\/staging2.federalretirees.ca\/fr\/nouvelles\/fevrier\/le-president-de-retraites-federaux-sollicite-la-retroaction-des-membres\/","name":"Le pr\u00e9sident de Retrait\u00e9s f\u00e9d\u00e9raux sollicite la r\u00e9troaction des membres - Association nationale des retrait\u00e9s f\u00e9d\u00e9raux","isPartOf":{"@id":"https:\/\/nafr.dev.sparkadvocacy.dev\/#website"},"primaryImageOfPage":{"@id":"https:\/\/staging2.federalretirees.ca\/fr\/nouvelles\/fevrier\/le-president-de-retraites-federaux-sollicite-la-retroaction-des-membres\/#primaryimage"},"image":{"@id":"https:\/\/staging2.federalretirees.ca\/fr\/nouvelles\/fevrier\/le-president-de-retraites-federaux-sollicite-la-retroaction-des-membres\/#primaryimage"},"thumbnailUrl":"https:\/\/staging2.federalretirees.ca\/wp-content\/uploads\/2026\/01\/movingforward_newsitem.png","datePublished":"2018-02-28T19:52:18+00:00","dateModified":"2026-02-05T23:39:21+00:00","author":{"@id":"https:\/\/nafr.dev.sparkadvocacy.dev\/#\/schema\/person\/eafc9268b05dc44bc390cbc6c57ff476"},"breadcrumb":{"@id":"https:\/\/staging2.federalretirees.ca\/fr\/nouvelles\/fevrier\/le-president-de-retraites-federaux-sollicite-la-retroaction-des-membres\/#breadcrumb"},"inLanguage":"fr-FR","potentialAction":[{"@type":"ReadAction","target":["https:\/\/staging2.federalretirees.ca\/fr\/nouvelles\/fevrier\/le-president-de-retraites-federaux-sollicite-la-retroaction-des-membres\/"]}]},{"@type":"ImageObject","inLanguage":"fr-FR","@id":"https:\/\/staging2.federalretirees.ca\/fr\/nouvelles\/fevrier\/le-president-de-retraites-federaux-sollicite-la-retroaction-des-membres\/#primaryimage","url":"https:\/\/staging2.federalretirees.ca\/wp-content\/uploads\/2026\/01\/movingforward_newsitem.png","contentUrl":"https:\/\/staging2.federalretirees.ca\/wp-content\/uploads\/2026\/01\/movingforward_newsitem.png","width":540,"height":360},{"@type":"BreadcrumbList","@id":"https:\/\/staging2.federalretirees.ca\/fr\/nouvelles\/fevrier\/le-president-de-retraites-federaux-sollicite-la-retroaction-des-membres\/#breadcrumb","itemListElement":[{"@type":"ListItem","position":1,"name":"Home","item":"https:\/\/nafr.dev.sparkadvocacy.dev\/fr\/"},{"@type":"ListItem","position":2,"name":"Le pr\u00e9sident de Retrait\u00e9s f\u00e9d\u00e9raux sollicite la r\u00e9troaction des membres"}]},{"@type":"WebSite","@id":"https:\/\/nafr.dev.sparkadvocacy.dev\/#website","url":"https:\/\/nafr.dev.sparkadvocacy.dev\/","name":"National Association of Federal Retirees","description":"","potentialAction":[{"@type":"SearchAction","target":{"@type":"EntryPoint","urlTemplate":"https:\/\/nafr.dev.sparkadvocacy.dev\/?s={search_term_string}"},"query-input":{"@type":"PropertyValueSpecification","valueRequired":true,"valueName":"search_term_string"}}],"inLanguage":"fr-FR"},{"@type":"Person","@id":"https:\/\/nafr.dev.sparkadvocacy.dev\/#\/schema\/person\/eafc9268b05dc44bc390cbc6c57ff476","name":"Federal Retirees","image":{"@type":"ImageObject","inLanguage":"fr-FR","@id":"https:\/\/secure.gravatar.com\/avatar\/6d4a9693168abccf5d742b2510dcfefb1da1c0b64c74dd6803ad2131a67cd6ac?s=96&d=mm&r=g","url":"https:\/\/secure.gravatar.com\/avatar\/6d4a9693168abccf5d742b2510dcfefb1da1c0b64c74dd6803ad2131a67cd6ac?s=96&d=mm&r=g","contentUrl":"https:\/\/secure.gravatar.com\/avatar\/6d4a9693168abccf5d742b2510dcfefb1da1c0b64c74dd6803ad2131a67cd6ac?s=96&d=mm&r=g","caption":"Federal Retirees"},"url":"https:\/\/staging2.federalretirees.ca\/fr\/author\/servicefederalretirees-ca\/"}]}},"_links":{"self":[{"href":"https:\/\/staging2.federalretirees.ca\/fr\/wp-json\/wp\/v2\/posts\/6769","targetHints":{"allow":["GET"]}}],"collection":[{"href":"https:\/\/staging2.federalretirees.ca\/fr\/wp-json\/wp\/v2\/posts"}],"about":[{"href":"https:\/\/staging2.federalretirees.ca\/fr\/wp-json\/wp\/v2\/types\/post"}],"author":[{"embeddable":true,"href":"https:\/\/staging2.federalretirees.ca\/fr\/wp-json\/wp\/v2\/users\/27"}],"replies":[{"embeddable":true,"href":"https:\/\/staging2.federalretirees.ca\/fr\/wp-json\/wp\/v2\/comments?post=6769"}],"version-history":[{"count":0,"href":"https:\/\/staging2.federalretirees.ca\/fr\/wp-json\/wp\/v2\/posts\/6769\/revisions"}],"wp:featuredmedia":[{"embeddable":true,"href":"https:\/\/staging2.federalretirees.ca\/fr\/wp-json\/wp\/v2\/media\/12594"}],"wp:attachment":[{"href":"https:\/\/staging2.federalretirees.ca\/fr\/wp-json\/wp\/v2\/media?parent=6769"}],"wp:term":[{"taxonomy":"category","embeddable":true,"href":"https:\/\/staging2.federalretirees.ca\/fr\/wp-json\/wp\/v2\/categories?post=6769"},{"taxonomy":"post_tag","embeddable":true,"href":"https:\/\/staging2.federalretirees.ca\/fr\/wp-json\/wp\/v2\/tags?post=6769"}],"curies":[{"name":"wp","href":"https:\/\/api.w.org\/{rel}","templated":true}]}}