{"id":6759,"date":"2018-04-15T20:07:26","date_gmt":"2018-04-16T00:07:26","guid":{"rendered":"https:\/\/nafr.dev.sparkadvocacy.dev\/?p=6759"},"modified":"2026-02-05T18:39:18","modified_gmt":"2026-02-05T23:39:18","slug":"saluons-nos-benevoles-en-cette-semaine-nationale-de-laction-benevole","status":"publish","type":"post","link":"https:\/\/staging2.federalretirees.ca\/fr\/nouvelles\/avril\/saluons-nos-benevoles-en-cette-semaine-nationale-de-laction-benevole\/","title":{"rendered":"Saluons nos b\u00e9n\u00e9voles en cette Semaine nationale de l\u2019action b\u00e9n\u00e9vole"},"content":{"rendered":"\n<p><span style=\"font-family: arial; font-size: 16px;\">En cette Semaine nationale de l\u2019action b\u00e9n\u00e9vole, nous tenons \u00e0 remercier les nombreux b\u00e9n\u00e9voles compatissants et g\u00e9n\u00e9reux qui se sont d\u00e9vou\u00e9s pour revendiquer la s\u00e9curit\u00e9 de la retraite des retrait\u00e9s f\u00e9d\u00e9raux et de tous les Canadiens. L\u2019Association est fi\u00e8re d\u2019offrir du soutien \u00e0 ses membres, des \u00e9v\u00e9nements locaux et d\u2019autres services \u00e0 l\u2019\u00e9chelle du pays, et cela est possible gr\u00e2ce \u00e0 notre \u00e9quipe de pr\u00e8s de 1 000 b\u00e9n\u00e9voles remarquables.&nbsp;<\/span><\/p>\n\n<p><span style=\"font-family: arial; font-size: 16px;\">Le labeur inlassable de nos b\u00e9n\u00e9voles nous a permis de <a data-entity-substitution=\"canonical\" data-entity-type=\"node\" data-entity-uuid=\"6dc2bd2f-289e-402b-be96-24f6a59466ad\" href=\"\/fr\/defense-des-interets\/defense-des-interets-quelques-chiffres\" target=\"_blank\" title=\"r\u00e9ussir\">r\u00e9ussir<\/a> et nous a permis d\u2019envisager <a data-entity-substitution=\"canonical\" data-entity-type=\"node\" data-entity-uuid=\"864b3a58-a2dc-4da5-83a0-bc9478c844c1\" href=\"\/node\/63\" target=\"_blank\" title=\"Regard vers l\u2019avenir\">un avenir prometteur pour l\u2019Association<\/a>.<\/span><\/p>\n\n<p><span style=\"font-family: arial; font-size: 16px;\">Merci \u00e0 nos b\u00e9n\u00e9voles, pour tout ce que vous faites!<\/span><\/p>\n\n<p>&nbsp;<\/p>\n","protected":false},"excerpt":{"rendered":"<p>En cette Semaine nationale de l\u2019action b\u00e9n\u00e9vole, nous tenons \u00e0 remercier les nombreux b\u00e9n\u00e9voles compatissants et g\u00e9n\u00e9reux qui se sont d\u00e9vou\u00e9s pour revendiquer la s\u00e9curit\u00e9 de la retraite des retrait\u00e9s f\u00e9d\u00e9raux et de tous les Canadiens. L\u2019Association est fi\u00e8re d\u2019offrir&#8230;<\/p>\n","protected":false},"author":27,"featured_media":12584,"comment_status":"closed","ping_status":"closed","sticky":false,"template":"","format":"standard","meta":{"_acf_changed":false,"footnotes":""},"categories":[159,149],"tags":[376,365],"class_list":["post-6759","post","type-post","status-publish","format-standard","has-post-thumbnail","hentry","category-benevoles","category-nouvelles-de-lassociation","tag-benevoles","tag-nouvelles-de-lassociation"],"acf":{"advocacy_priorities":null},"yoast_head":"<!-- This site is optimized with the Yoast SEO plugin v27.5 - https:\/\/yoast.com\/product\/yoast-seo-wordpress\/ -->\n<title>Saluons nos b\u00e9n\u00e9voles en cette Semaine nationale de l\u2019action b\u00e9n\u00e9vole - Association nationale des retrait\u00e9s f\u00e9d\u00e9raux<\/title>\n<meta name=\"robots\" content=\"noindex, follow, max-snippet:-1, max-image-preview:large, max-video-preview:-1\" \/>\n<meta property=\"og:locale\" content=\"fr_FR\" \/>\n<meta property=\"og:type\" content=\"article\" \/>\n<meta property=\"og:title\" content=\"Saluons nos b\u00e9n\u00e9voles en cette Semaine nationale de l\u2019action b\u00e9n\u00e9vole - Association nationale des retrait\u00e9s f\u00e9d\u00e9raux\" \/>\n<meta property=\"og:description\" content=\"En cette Semaine nationale de l\u2019action b\u00e9n\u00e9vole, nous tenons \u00e0 remercier les nombreux b\u00e9n\u00e9voles compatissants et g\u00e9n\u00e9reux qui se sont d\u00e9vou\u00e9s pour revendiquer la s\u00e9curit\u00e9 de la retraite des retrait\u00e9s f\u00e9d\u00e9raux et de tous les Canadiens. L\u2019Association est fi\u00e8re d\u2019offrir...\" \/>\n<meta property=\"og:url\" content=\"https:\/\/staging2.federalretirees.ca\/fr\/nouvelles\/avril\/saluons-nos-benevoles-en-cette-semaine-nationale-de-laction-benevole\/\" \/>\n<meta property=\"og:site_name\" content=\"Association nationale des retrait\u00e9s f\u00e9d\u00e9raux\" \/>\n<meta property=\"article:publisher\" content=\"https:\/\/www.facebook.com\/FederalRetirees\" \/>\n<meta property=\"article:published_time\" content=\"2018-04-16T00:07:26+00:00\" \/>\n<meta property=\"article:modified_time\" content=\"2026-02-05T23:39:18+00:00\" \/>\n<meta property=\"og:image\" content=\"https:\/\/nafr.dev.sparkadvocacy.dev\/wp-content\/uploads\/2026\/01\/nvw2018_444295678_0.jpg\" \/>\n\t<meta property=\"og:image:width\" content=\"540\" \/>\n\t<meta property=\"og:image:height\" content=\"360\" \/>\n\t<meta property=\"og:image:type\" content=\"image\/jpeg\" \/>\n<meta name=\"author\" content=\"Federal Retirees\" \/>\n<meta name=\"twitter:card\" content=\"summary_large_image\" \/>\n<meta name=\"twitter:creator\" content=\"@fedretirees\" \/>\n<meta name=\"twitter:site\" content=\"@fedretirees\" \/>\n<meta name=\"twitter:label1\" content=\"\u00c9crit par\" \/>\n\t<meta name=\"twitter:data1\" content=\"Federal Retirees\" \/>\n\t<meta name=\"twitter:label2\" content=\"Dur\u00e9e de lecture estim\u00e9e\" \/>\n\t<meta name=\"twitter:data2\" content=\"1 minute\" \/>\n<script type=\"application\/ld+json\" class=\"yoast-schema-graph\">{\"@context\":\"https:\\\/\\\/schema.org\",\"@graph\":[{\"@type\":\"Article\",\"@id\":\"https:\\\/\\\/staging2.federalretirees.ca\\\/fr\\\/nouvelles\\\/avril\\\/saluons-nos-benevoles-en-cette-semaine-nationale-de-laction-benevole\\\/#article\",\"isPartOf\":{\"@id\":\"https:\\\/\\\/staging2.federalretirees.ca\\\/fr\\\/nouvelles\\\/avril\\\/saluons-nos-benevoles-en-cette-semaine-nationale-de-laction-benevole\\\/\"},\"author\":{\"name\":\"Federal Retirees\",\"@id\":\"https:\\\/\\\/nafr.dev.sparkadvocacy.dev\\\/#\\\/schema\\\/person\\\/eafc9268b05dc44bc390cbc6c57ff476\"},\"headline\":\"Saluons nos b\u00e9n\u00e9voles en cette Semaine nationale de l\u2019action b\u00e9n\u00e9vole\",\"datePublished\":\"2018-04-16T00:07:26+00:00\",\"dateModified\":\"2026-02-05T23:39:18+00:00\",\"mainEntityOfPage\":{\"@id\":\"https:\\\/\\\/staging2.federalretirees.ca\\\/fr\\\/nouvelles\\\/avril\\\/saluons-nos-benevoles-en-cette-semaine-nationale-de-laction-benevole\\\/\"},\"wordCount\":141,\"image\":{\"@id\":\"https:\\\/\\\/staging2.federalretirees.ca\\\/fr\\\/nouvelles\\\/avril\\\/saluons-nos-benevoles-en-cette-semaine-nationale-de-laction-benevole\\\/#primaryimage\"},\"thumbnailUrl\":\"https:\\\/\\\/staging2.federalretirees.ca\\\/wp-content\\\/uploads\\\/2026\\\/01\\\/nvw2018_444295678_0.jpg\",\"keywords\":[\"B\u00e9n\u00e9voles\",\"Nouvelles de l&#039;Association\"],\"articleSection\":[\"B\u00e9n\u00e9voles\",\"Nouvelles de l'Association\"],\"inLanguage\":\"fr-FR\"},{\"@type\":\"WebPage\",\"@id\":\"https:\\\/\\\/staging2.federalretirees.ca\\\/fr\\\/nouvelles\\\/avril\\\/saluons-nos-benevoles-en-cette-semaine-nationale-de-laction-benevole\\\/\",\"url\":\"https:\\\/\\\/staging2.federalretirees.ca\\\/fr\\\/nouvelles\\\/avril\\\/saluons-nos-benevoles-en-cette-semaine-nationale-de-laction-benevole\\\/\",\"name\":\"Saluons nos b\u00e9n\u00e9voles en cette Semaine nationale de l\u2019action b\u00e9n\u00e9vole - Association nationale des retrait\u00e9s f\u00e9d\u00e9raux\",\"isPartOf\":{\"@id\":\"https:\\\/\\\/nafr.dev.sparkadvocacy.dev\\\/#website\"},\"primaryImageOfPage\":{\"@id\":\"https:\\\/\\\/staging2.federalretirees.ca\\\/fr\\\/nouvelles\\\/avril\\\/saluons-nos-benevoles-en-cette-semaine-nationale-de-laction-benevole\\\/#primaryimage\"},\"image\":{\"@id\":\"https:\\\/\\\/staging2.federalretirees.ca\\\/fr\\\/nouvelles\\\/avril\\\/saluons-nos-benevoles-en-cette-semaine-nationale-de-laction-benevole\\\/#primaryimage\"},\"thumbnailUrl\":\"https:\\\/\\\/staging2.federalretirees.ca\\\/wp-content\\\/uploads\\\/2026\\\/01\\\/nvw2018_444295678_0.jpg\",\"datePublished\":\"2018-04-16T00:07:26+00:00\",\"dateModified\":\"2026-02-05T23:39:18+00:00\",\"author\":{\"@id\":\"https:\\\/\\\/nafr.dev.sparkadvocacy.dev\\\/#\\\/schema\\\/person\\\/eafc9268b05dc44bc390cbc6c57ff476\"},\"breadcrumb\":{\"@id\":\"https:\\\/\\\/staging2.federalretirees.ca\\\/fr\\\/nouvelles\\\/avril\\\/saluons-nos-benevoles-en-cette-semaine-nationale-de-laction-benevole\\\/#breadcrumb\"},\"inLanguage\":\"fr-FR\",\"potentialAction\":[{\"@type\":\"ReadAction\",\"target\":[\"https:\\\/\\\/staging2.federalretirees.ca\\\/fr\\\/nouvelles\\\/avril\\\/saluons-nos-benevoles-en-cette-semaine-nationale-de-laction-benevole\\\/\"]}]},{\"@type\":\"ImageObject\",\"inLanguage\":\"fr-FR\",\"@id\":\"https:\\\/\\\/staging2.federalretirees.ca\\\/fr\\\/nouvelles\\\/avril\\\/saluons-nos-benevoles-en-cette-semaine-nationale-de-laction-benevole\\\/#primaryimage\",\"url\":\"https:\\\/\\\/staging2.federalretirees.ca\\\/wp-content\\\/uploads\\\/2026\\\/01\\\/nvw2018_444295678_0.jpg\",\"contentUrl\":\"https:\\\/\\\/staging2.federalretirees.ca\\\/wp-content\\\/uploads\\\/2026\\\/01\\\/nvw2018_444295678_0.jpg\",\"width\":540,\"height\":360},{\"@type\":\"BreadcrumbList\",\"@id\":\"https:\\\/\\\/staging2.federalretirees.ca\\\/fr\\\/nouvelles\\\/avril\\\/saluons-nos-benevoles-en-cette-semaine-nationale-de-laction-benevole\\\/#breadcrumb\",\"itemListElement\":[{\"@type\":\"ListItem\",\"position\":1,\"name\":\"Home\",\"item\":\"https:\\\/\\\/nafr.dev.sparkadvocacy.dev\\\/fr\\\/\"},{\"@type\":\"ListItem\",\"position\":2,\"name\":\"Saluons nos b\u00e9n\u00e9voles en cette Semaine nationale de l\u2019action b\u00e9n\u00e9vole\"}]},{\"@type\":\"WebSite\",\"@id\":\"https:\\\/\\\/nafr.dev.sparkadvocacy.dev\\\/#website\",\"url\":\"https:\\\/\\\/nafr.dev.sparkadvocacy.dev\\\/\",\"name\":\"National Association of Federal Retirees\",\"description\":\"\",\"potentialAction\":[{\"@type\":\"SearchAction\",\"target\":{\"@type\":\"EntryPoint\",\"urlTemplate\":\"https:\\\/\\\/nafr.dev.sparkadvocacy.dev\\\/?s={search_term_string}\"},\"query-input\":{\"@type\":\"PropertyValueSpecification\",\"valueRequired\":true,\"valueName\":\"search_term_string\"}}],\"inLanguage\":\"fr-FR\"},{\"@type\":\"Person\",\"@id\":\"https:\\\/\\\/nafr.dev.sparkadvocacy.dev\\\/#\\\/schema\\\/person\\\/eafc9268b05dc44bc390cbc6c57ff476\",\"name\":\"Federal Retirees\",\"image\":{\"@type\":\"ImageObject\",\"inLanguage\":\"fr-FR\",\"@id\":\"https:\\\/\\\/secure.gravatar.com\\\/avatar\\\/6d4a9693168abccf5d742b2510dcfefb1da1c0b64c74dd6803ad2131a67cd6ac?s=96&d=mm&r=g\",\"url\":\"https:\\\/\\\/secure.gravatar.com\\\/avatar\\\/6d4a9693168abccf5d742b2510dcfefb1da1c0b64c74dd6803ad2131a67cd6ac?s=96&d=mm&r=g\",\"contentUrl\":\"https:\\\/\\\/secure.gravatar.com\\\/avatar\\\/6d4a9693168abccf5d742b2510dcfefb1da1c0b64c74dd6803ad2131a67cd6ac?s=96&d=mm&r=g\",\"caption\":\"Federal Retirees\"},\"url\":\"https:\\\/\\\/staging2.federalretirees.ca\\\/fr\\\/author\\\/servicefederalretirees-ca\\\/\"}]}<\/script>\n<!-- \/ Yoast SEO plugin. -->","yoast_head_json":{"title":"Saluons nos b\u00e9n\u00e9voles en cette Semaine nationale de l\u2019action b\u00e9n\u00e9vole - Association nationale des retrait\u00e9s f\u00e9d\u00e9raux","robots":{"index":"noindex","follow":"follow","max-snippet":"max-snippet:-1","max-image-preview":"max-image-preview:large","max-video-preview":"max-video-preview:-1"},"og_locale":"fr_FR","og_type":"article","og_title":"Saluons nos b\u00e9n\u00e9voles en cette Semaine nationale de l\u2019action b\u00e9n\u00e9vole - Association nationale des retrait\u00e9s f\u00e9d\u00e9raux","og_description":"En cette Semaine nationale de l\u2019action b\u00e9n\u00e9vole, nous tenons \u00e0 remercier les nombreux b\u00e9n\u00e9voles compatissants et g\u00e9n\u00e9reux qui se sont d\u00e9vou\u00e9s pour revendiquer la s\u00e9curit\u00e9 de la retraite des retrait\u00e9s f\u00e9d\u00e9raux et de tous les Canadiens. L\u2019Association est fi\u00e8re d\u2019offrir...","og_url":"https:\/\/staging2.federalretirees.ca\/fr\/nouvelles\/avril\/saluons-nos-benevoles-en-cette-semaine-nationale-de-laction-benevole\/","og_site_name":"Association nationale des retrait\u00e9s f\u00e9d\u00e9raux","article_publisher":"https:\/\/www.facebook.com\/FederalRetirees","article_published_time":"2018-04-16T00:07:26+00:00","article_modified_time":"2026-02-05T23:39:18+00:00","og_image":[{"width":540,"height":360,"url":"https:\/\/nafr.dev.sparkadvocacy.dev\/wp-content\/uploads\/2026\/01\/nvw2018_444295678_0.jpg","type":"image\/jpeg"}],"author":"Federal Retirees","twitter_card":"summary_large_image","twitter_creator":"@fedretirees","twitter_site":"@fedretirees","twitter_misc":{"\u00c9crit par":"Federal Retirees","Dur\u00e9e de lecture estim\u00e9e":"1 minute"},"schema":{"@context":"https:\/\/schema.org","@graph":[{"@type":"Article","@id":"https:\/\/staging2.federalretirees.ca\/fr\/nouvelles\/avril\/saluons-nos-benevoles-en-cette-semaine-nationale-de-laction-benevole\/#article","isPartOf":{"@id":"https:\/\/staging2.federalretirees.ca\/fr\/nouvelles\/avril\/saluons-nos-benevoles-en-cette-semaine-nationale-de-laction-benevole\/"},"author":{"name":"Federal Retirees","@id":"https:\/\/nafr.dev.sparkadvocacy.dev\/#\/schema\/person\/eafc9268b05dc44bc390cbc6c57ff476"},"headline":"Saluons nos b\u00e9n\u00e9voles en cette Semaine nationale de l\u2019action b\u00e9n\u00e9vole","datePublished":"2018-04-16T00:07:26+00:00","dateModified":"2026-02-05T23:39:18+00:00","mainEntityOfPage":{"@id":"https:\/\/staging2.federalretirees.ca\/fr\/nouvelles\/avril\/saluons-nos-benevoles-en-cette-semaine-nationale-de-laction-benevole\/"},"wordCount":141,"image":{"@id":"https:\/\/staging2.federalretirees.ca\/fr\/nouvelles\/avril\/saluons-nos-benevoles-en-cette-semaine-nationale-de-laction-benevole\/#primaryimage"},"thumbnailUrl":"https:\/\/staging2.federalretirees.ca\/wp-content\/uploads\/2026\/01\/nvw2018_444295678_0.jpg","keywords":["B\u00e9n\u00e9voles","Nouvelles de l&#039;Association"],"articleSection":["B\u00e9n\u00e9voles","Nouvelles de l'Association"],"inLanguage":"fr-FR"},{"@type":"WebPage","@id":"https:\/\/staging2.federalretirees.ca\/fr\/nouvelles\/avril\/saluons-nos-benevoles-en-cette-semaine-nationale-de-laction-benevole\/","url":"https:\/\/staging2.federalretirees.ca\/fr\/nouvelles\/avril\/saluons-nos-benevoles-en-cette-semaine-nationale-de-laction-benevole\/","name":"Saluons nos b\u00e9n\u00e9voles en cette Semaine nationale de l\u2019action b\u00e9n\u00e9vole - Association nationale des retrait\u00e9s f\u00e9d\u00e9raux","isPartOf":{"@id":"https:\/\/nafr.dev.sparkadvocacy.dev\/#website"},"primaryImageOfPage":{"@id":"https:\/\/staging2.federalretirees.ca\/fr\/nouvelles\/avril\/saluons-nos-benevoles-en-cette-semaine-nationale-de-laction-benevole\/#primaryimage"},"image":{"@id":"https:\/\/staging2.federalretirees.ca\/fr\/nouvelles\/avril\/saluons-nos-benevoles-en-cette-semaine-nationale-de-laction-benevole\/#primaryimage"},"thumbnailUrl":"https:\/\/staging2.federalretirees.ca\/wp-content\/uploads\/2026\/01\/nvw2018_444295678_0.jpg","datePublished":"2018-04-16T00:07:26+00:00","dateModified":"2026-02-05T23:39:18+00:00","author":{"@id":"https:\/\/nafr.dev.sparkadvocacy.dev\/#\/schema\/person\/eafc9268b05dc44bc390cbc6c57ff476"},"breadcrumb":{"@id":"https:\/\/staging2.federalretirees.ca\/fr\/nouvelles\/avril\/saluons-nos-benevoles-en-cette-semaine-nationale-de-laction-benevole\/#breadcrumb"},"inLanguage":"fr-FR","potentialAction":[{"@type":"ReadAction","target":["https:\/\/staging2.federalretirees.ca\/fr\/nouvelles\/avril\/saluons-nos-benevoles-en-cette-semaine-nationale-de-laction-benevole\/"]}]},{"@type":"ImageObject","inLanguage":"fr-FR","@id":"https:\/\/staging2.federalretirees.ca\/fr\/nouvelles\/avril\/saluons-nos-benevoles-en-cette-semaine-nationale-de-laction-benevole\/#primaryimage","url":"https:\/\/staging2.federalretirees.ca\/wp-content\/uploads\/2026\/01\/nvw2018_444295678_0.jpg","contentUrl":"https:\/\/staging2.federalretirees.ca\/wp-content\/uploads\/2026\/01\/nvw2018_444295678_0.jpg","width":540,"height":360},{"@type":"BreadcrumbList","@id":"https:\/\/staging2.federalretirees.ca\/fr\/nouvelles\/avril\/saluons-nos-benevoles-en-cette-semaine-nationale-de-laction-benevole\/#breadcrumb","itemListElement":[{"@type":"ListItem","position":1,"name":"Home","item":"https:\/\/nafr.dev.sparkadvocacy.dev\/fr\/"},{"@type":"ListItem","position":2,"name":"Saluons nos b\u00e9n\u00e9voles en cette Semaine nationale de l\u2019action b\u00e9n\u00e9vole"}]},{"@type":"WebSite","@id":"https:\/\/nafr.dev.sparkadvocacy.dev\/#website","url":"https:\/\/nafr.dev.sparkadvocacy.dev\/","name":"National Association of Federal Retirees","description":"","potentialAction":[{"@type":"SearchAction","target":{"@type":"EntryPoint","urlTemplate":"https:\/\/nafr.dev.sparkadvocacy.dev\/?s={search_term_string}"},"query-input":{"@type":"PropertyValueSpecification","valueRequired":true,"valueName":"search_term_string"}}],"inLanguage":"fr-FR"},{"@type":"Person","@id":"https:\/\/nafr.dev.sparkadvocacy.dev\/#\/schema\/person\/eafc9268b05dc44bc390cbc6c57ff476","name":"Federal Retirees","image":{"@type":"ImageObject","inLanguage":"fr-FR","@id":"https:\/\/secure.gravatar.com\/avatar\/6d4a9693168abccf5d742b2510dcfefb1da1c0b64c74dd6803ad2131a67cd6ac?s=96&d=mm&r=g","url":"https:\/\/secure.gravatar.com\/avatar\/6d4a9693168abccf5d742b2510dcfefb1da1c0b64c74dd6803ad2131a67cd6ac?s=96&d=mm&r=g","contentUrl":"https:\/\/secure.gravatar.com\/avatar\/6d4a9693168abccf5d742b2510dcfefb1da1c0b64c74dd6803ad2131a67cd6ac?s=96&d=mm&r=g","caption":"Federal Retirees"},"url":"https:\/\/staging2.federalretirees.ca\/fr\/author\/servicefederalretirees-ca\/"}]}},"_links":{"self":[{"href":"https:\/\/staging2.federalretirees.ca\/fr\/wp-json\/wp\/v2\/posts\/6759","targetHints":{"allow":["GET"]}}],"collection":[{"href":"https:\/\/staging2.federalretirees.ca\/fr\/wp-json\/wp\/v2\/posts"}],"about":[{"href":"https:\/\/staging2.federalretirees.ca\/fr\/wp-json\/wp\/v2\/types\/post"}],"author":[{"embeddable":true,"href":"https:\/\/staging2.federalretirees.ca\/fr\/wp-json\/wp\/v2\/users\/27"}],"replies":[{"embeddable":true,"href":"https:\/\/staging2.federalretirees.ca\/fr\/wp-json\/wp\/v2\/comments?post=6759"}],"version-history":[{"count":0,"href":"https:\/\/staging2.federalretirees.ca\/fr\/wp-json\/wp\/v2\/posts\/6759\/revisions"}],"wp:featuredmedia":[{"embeddable":true,"href":"https:\/\/staging2.federalretirees.ca\/fr\/wp-json\/wp\/v2\/media\/12584"}],"wp:attachment":[{"href":"https:\/\/staging2.federalretirees.ca\/fr\/wp-json\/wp\/v2\/media?parent=6759"}],"wp:term":[{"taxonomy":"category","embeddable":true,"href":"https:\/\/staging2.federalretirees.ca\/fr\/wp-json\/wp\/v2\/categories?post=6759"},{"taxonomy":"post_tag","embeddable":true,"href":"https:\/\/staging2.federalretirees.ca\/fr\/wp-json\/wp\/v2\/tags?post=6759"}],"curies":[{"name":"wp","href":"https:\/\/api.w.org\/{rel}","templated":true}]}}