{"id":6725,"date":"2018-09-10T18:06:23","date_gmt":"2018-09-10T22:06:23","guid":{"rendered":"https:\/\/nafr.dev.sparkadvocacy.dev\/?p=6725"},"modified":"2026-02-05T18:39:13","modified_gmt":"2026-02-05T23:39:13","slug":"merci-westjet","status":"publish","type":"post","link":"https:\/\/staging2.federalretirees.ca\/fr\/nouvelles\/septembre\/merci-westjet\/","title":{"rendered":"Merci, WestJet!"},"content":{"rendered":"\n<p>&nbsp;<\/p>\n\n<p><span style=\"font-family: arial; font-size: 16px;\">Nous sommes heureux d\u2019annoncer que, en plus d\u2019Air Canada&nbsp;et le Porter Airlines, WestJet acceptera la carte \u00e9mise par Retrait\u00e9s f\u00e9d\u00e9raux \u00e0 ses membres qui sont des v\u00e9t\u00e9rans des Forces arm\u00e9es canadiennes \u00e0 titre de pi\u00e8ce d\u2019identit\u00e9 pour leurs politiques visant les bagages des militaires \u00e0 compter du 17 septembre 2018.&nbsp;<\/span><span style=\"font-family: arial; font-size: medium;\">Nous sommes enchant\u00e9s que WestJet reconnaisse d\u00e9sormais notre carte de membre v\u00e9t\u00e9ran des FAC pour l\u2019obtention de cet avantage.<\/span><\/p>\n\n<p><span style=\"font-family: arial; font-size: 16px;\">Pour obtenir leur carte de v\u00e9t\u00e9ran des Forces arm\u00e9es canadiennes de Retrait\u00e9 f\u00e9d\u00e9raux, les membres admissibles peuvent <a href=\"\/node\/406\">communiquer avec le Bureau national<\/a> ou nous poster la carte-r\u00e9ponse de courtoisie encart\u00e9e dans l\u2019\u00e9dition automnale du magazine <em>Sage<\/em>.<\/span><\/p>\n\n<p><span style=\"font-family: arial; font-size: 16px;\">Avec cette nouvelle carte de membre, il est facile de faire annuler les frais de bagages. Il vous suffit de la pr\u00e9senter \u00e0 un agent de l\u2019a\u00e9roport apr\u00e8s vous \u00eatre enregistr\u00e9. Toutefois, pour \u00e9viter les surprises \u00e0 l\u2019a\u00e9rogare, assurez-vous de bien conna\u00eetre <a data-entity-substitution=\"canonical\" data-entity-type=\"node\" data-entity-uuid=\"8e34ccc1-5528-4729-8c69-c7ec72d05123\" href=\"\/node\/111\">la politique de la compagnie a\u00e9rienne en mati\u00e8re de bagages<\/a>&nbsp;avant de prendre l\u2019avion.<\/span><\/p>\n","protected":false},"excerpt":{"rendered":"<p>&nbsp; Nous sommes heureux d\u2019annoncer que, en plus d\u2019Air Canada&nbsp;et le Porter Airlines, WestJet acceptera la carte \u00e9mise par Retrait\u00e9s f\u00e9d\u00e9raux \u00e0 ses membres qui sont des v\u00e9t\u00e9rans des Forces arm\u00e9es canadiennes \u00e0 titre de pi\u00e8ce d\u2019identit\u00e9 pour leurs politiques&#8230;<\/p>\n","protected":false},"author":27,"featured_media":0,"comment_status":"closed","ping_status":"closed","sticky":false,"template":"","format":"standard","meta":{"_acf_changed":false,"footnotes":""},"categories":[151,152,149,157],"tags":[366,373,365,375],"class_list":["post-6725","post","type-post","status-publish","format-standard","hentry","category-forces-armees-canadiennes","category-grc-et-veterans","category-nouvelles-de-lassociation","category-voyages","tag-forces-armees-canadiennes","tag-grc-et-veterans","tag-nouvelles-de-lassociation","tag-voyages"],"acf":{"advocacy_priorities":null},"yoast_head":"<!-- This site is optimized with the Yoast SEO plugin v27.5 - https:\/\/yoast.com\/product\/yoast-seo-wordpress\/ -->\n<title>Merci, WestJet! - Association nationale des retrait\u00e9s f\u00e9d\u00e9raux<\/title>\n<meta name=\"robots\" content=\"noindex, follow, max-snippet:-1, max-image-preview:large, max-video-preview:-1\" \/>\n<meta property=\"og:locale\" content=\"fr_FR\" \/>\n<meta property=\"og:type\" content=\"article\" \/>\n<meta property=\"og:title\" content=\"Merci, WestJet! - Association nationale des retrait\u00e9s f\u00e9d\u00e9raux\" \/>\n<meta property=\"og:description\" content=\"&nbsp; Nous sommes heureux d\u2019annoncer que, en plus d\u2019Air Canada&nbsp;et le Porter Airlines, WestJet acceptera la carte \u00e9mise par Retrait\u00e9s f\u00e9d\u00e9raux \u00e0 ses membres qui sont des v\u00e9t\u00e9rans des Forces arm\u00e9es canadiennes \u00e0 titre de pi\u00e8ce d\u2019identit\u00e9 pour leurs politiques...\" \/>\n<meta property=\"og:url\" content=\"https:\/\/staging2.federalretirees.ca\/fr\/nouvelles\/septembre\/merci-westjet\/\" \/>\n<meta property=\"og:site_name\" content=\"Association nationale des retrait\u00e9s f\u00e9d\u00e9raux\" \/>\n<meta property=\"article:publisher\" content=\"https:\/\/www.facebook.com\/FederalRetirees\" \/>\n<meta property=\"article:published_time\" content=\"2018-09-10T22:06:23+00:00\" \/>\n<meta property=\"article:modified_time\" content=\"2026-02-05T23:39:13+00:00\" \/>\n<meta property=\"og:image\" content=\"https:\/\/staging2.federalretirees.ca\/wp-content\/uploads\/2026\/01\/GettyImages-1248256443-e1769585752444.jpg\" \/>\n\t<meta property=\"og:image:width\" content=\"2120\" \/>\n\t<meta property=\"og:image:height\" content=\"980\" \/>\n\t<meta property=\"og:image:type\" content=\"image\/jpeg\" \/>\n<meta name=\"author\" content=\"Federal Retirees\" \/>\n<meta name=\"twitter:card\" content=\"summary_large_image\" \/>\n<meta name=\"twitter:creator\" content=\"@fedretirees\" \/>\n<meta name=\"twitter:site\" content=\"@fedretirees\" \/>\n<meta name=\"twitter:label1\" content=\"\u00c9crit par\" \/>\n\t<meta name=\"twitter:data1\" content=\"Federal Retirees\" \/>\n\t<meta name=\"twitter:label2\" content=\"Dur\u00e9e de lecture estim\u00e9e\" \/>\n\t<meta name=\"twitter:data2\" content=\"1 minute\" \/>\n<script type=\"application\/ld+json\" class=\"yoast-schema-graph\">{\"@context\":\"https:\\\/\\\/schema.org\",\"@graph\":[{\"@type\":\"Article\",\"@id\":\"https:\\\/\\\/staging2.federalretirees.ca\\\/fr\\\/nouvelles\\\/septembre\\\/merci-westjet\\\/#article\",\"isPartOf\":{\"@id\":\"https:\\\/\\\/staging2.federalretirees.ca\\\/fr\\\/nouvelles\\\/septembre\\\/merci-westjet\\\/\"},\"author\":{\"name\":\"Federal Retirees\",\"@id\":\"https:\\\/\\\/nafr.dev.sparkadvocacy.dev\\\/#\\\/schema\\\/person\\\/eafc9268b05dc44bc390cbc6c57ff476\"},\"headline\":\"Merci, WestJet!\",\"datePublished\":\"2018-09-10T22:06:23+00:00\",\"dateModified\":\"2026-02-05T23:39:13+00:00\",\"mainEntityOfPage\":{\"@id\":\"https:\\\/\\\/staging2.federalretirees.ca\\\/fr\\\/nouvelles\\\/septembre\\\/merci-westjet\\\/\"},\"wordCount\":194,\"keywords\":[\"Forces arm\u00e9es canadiennes\",\"GRC et v\u00e9t\u00e9rans\",\"Nouvelles de l&#039;Association\",\"Voyages\"],\"articleSection\":[\"Forces arm\u00e9es canadiennes\",\"GRC et v\u00e9t\u00e9rans\",\"Nouvelles de l'Association\",\"Voyages\"],\"inLanguage\":\"fr-FR\"},{\"@type\":\"WebPage\",\"@id\":\"https:\\\/\\\/staging2.federalretirees.ca\\\/fr\\\/nouvelles\\\/septembre\\\/merci-westjet\\\/\",\"url\":\"https:\\\/\\\/staging2.federalretirees.ca\\\/fr\\\/nouvelles\\\/septembre\\\/merci-westjet\\\/\",\"name\":\"Merci, WestJet! - Association nationale des retrait\u00e9s f\u00e9d\u00e9raux\",\"isPartOf\":{\"@id\":\"https:\\\/\\\/nafr.dev.sparkadvocacy.dev\\\/#website\"},\"datePublished\":\"2018-09-10T22:06:23+00:00\",\"dateModified\":\"2026-02-05T23:39:13+00:00\",\"author\":{\"@id\":\"https:\\\/\\\/nafr.dev.sparkadvocacy.dev\\\/#\\\/schema\\\/person\\\/eafc9268b05dc44bc390cbc6c57ff476\"},\"breadcrumb\":{\"@id\":\"https:\\\/\\\/staging2.federalretirees.ca\\\/fr\\\/nouvelles\\\/septembre\\\/merci-westjet\\\/#breadcrumb\"},\"inLanguage\":\"fr-FR\",\"potentialAction\":[{\"@type\":\"ReadAction\",\"target\":[\"https:\\\/\\\/staging2.federalretirees.ca\\\/fr\\\/nouvelles\\\/septembre\\\/merci-westjet\\\/\"]}]},{\"@type\":\"BreadcrumbList\",\"@id\":\"https:\\\/\\\/staging2.federalretirees.ca\\\/fr\\\/nouvelles\\\/septembre\\\/merci-westjet\\\/#breadcrumb\",\"itemListElement\":[{\"@type\":\"ListItem\",\"position\":1,\"name\":\"Home\",\"item\":\"https:\\\/\\\/nafr.dev.sparkadvocacy.dev\\\/fr\\\/\"},{\"@type\":\"ListItem\",\"position\":2,\"name\":\"Merci, WestJet!\"}]},{\"@type\":\"WebSite\",\"@id\":\"https:\\\/\\\/nafr.dev.sparkadvocacy.dev\\\/#website\",\"url\":\"https:\\\/\\\/nafr.dev.sparkadvocacy.dev\\\/\",\"name\":\"National Association of Federal Retirees\",\"description\":\"\",\"potentialAction\":[{\"@type\":\"SearchAction\",\"target\":{\"@type\":\"EntryPoint\",\"urlTemplate\":\"https:\\\/\\\/nafr.dev.sparkadvocacy.dev\\\/?s={search_term_string}\"},\"query-input\":{\"@type\":\"PropertyValueSpecification\",\"valueRequired\":true,\"valueName\":\"search_term_string\"}}],\"inLanguage\":\"fr-FR\"},{\"@type\":\"Person\",\"@id\":\"https:\\\/\\\/nafr.dev.sparkadvocacy.dev\\\/#\\\/schema\\\/person\\\/eafc9268b05dc44bc390cbc6c57ff476\",\"name\":\"Federal Retirees\",\"image\":{\"@type\":\"ImageObject\",\"inLanguage\":\"fr-FR\",\"@id\":\"https:\\\/\\\/secure.gravatar.com\\\/avatar\\\/6d4a9693168abccf5d742b2510dcfefb1da1c0b64c74dd6803ad2131a67cd6ac?s=96&d=mm&r=g\",\"url\":\"https:\\\/\\\/secure.gravatar.com\\\/avatar\\\/6d4a9693168abccf5d742b2510dcfefb1da1c0b64c74dd6803ad2131a67cd6ac?s=96&d=mm&r=g\",\"contentUrl\":\"https:\\\/\\\/secure.gravatar.com\\\/avatar\\\/6d4a9693168abccf5d742b2510dcfefb1da1c0b64c74dd6803ad2131a67cd6ac?s=96&d=mm&r=g\",\"caption\":\"Federal Retirees\"},\"url\":\"https:\\\/\\\/staging2.federalretirees.ca\\\/fr\\\/author\\\/servicefederalretirees-ca\\\/\"}]}<\/script>\n<!-- \/ Yoast SEO plugin. -->","yoast_head_json":{"title":"Merci, WestJet! - Association nationale des retrait\u00e9s f\u00e9d\u00e9raux","robots":{"index":"noindex","follow":"follow","max-snippet":"max-snippet:-1","max-image-preview":"max-image-preview:large","max-video-preview":"max-video-preview:-1"},"og_locale":"fr_FR","og_type":"article","og_title":"Merci, WestJet! - Association nationale des retrait\u00e9s f\u00e9d\u00e9raux","og_description":"&nbsp; Nous sommes heureux d\u2019annoncer que, en plus d\u2019Air Canada&nbsp;et le Porter Airlines, WestJet acceptera la carte \u00e9mise par Retrait\u00e9s f\u00e9d\u00e9raux \u00e0 ses membres qui sont des v\u00e9t\u00e9rans des Forces arm\u00e9es canadiennes \u00e0 titre de pi\u00e8ce d\u2019identit\u00e9 pour leurs politiques...","og_url":"https:\/\/staging2.federalretirees.ca\/fr\/nouvelles\/septembre\/merci-westjet\/","og_site_name":"Association nationale des retrait\u00e9s f\u00e9d\u00e9raux","article_publisher":"https:\/\/www.facebook.com\/FederalRetirees","article_published_time":"2018-09-10T22:06:23+00:00","article_modified_time":"2026-02-05T23:39:13+00:00","og_image":[{"width":2120,"height":980,"url":"https:\/\/staging2.federalretirees.ca\/wp-content\/uploads\/2026\/01\/GettyImages-1248256443-e1769585752444.jpg","type":"image\/jpeg"}],"author":"Federal Retirees","twitter_card":"summary_large_image","twitter_creator":"@fedretirees","twitter_site":"@fedretirees","twitter_misc":{"\u00c9crit par":"Federal Retirees","Dur\u00e9e de lecture estim\u00e9e":"1 minute"},"schema":{"@context":"https:\/\/schema.org","@graph":[{"@type":"Article","@id":"https:\/\/staging2.federalretirees.ca\/fr\/nouvelles\/septembre\/merci-westjet\/#article","isPartOf":{"@id":"https:\/\/staging2.federalretirees.ca\/fr\/nouvelles\/septembre\/merci-westjet\/"},"author":{"name":"Federal Retirees","@id":"https:\/\/nafr.dev.sparkadvocacy.dev\/#\/schema\/person\/eafc9268b05dc44bc390cbc6c57ff476"},"headline":"Merci, WestJet!","datePublished":"2018-09-10T22:06:23+00:00","dateModified":"2026-02-05T23:39:13+00:00","mainEntityOfPage":{"@id":"https:\/\/staging2.federalretirees.ca\/fr\/nouvelles\/septembre\/merci-westjet\/"},"wordCount":194,"keywords":["Forces arm\u00e9es canadiennes","GRC et v\u00e9t\u00e9rans","Nouvelles de l&#039;Association","Voyages"],"articleSection":["Forces arm\u00e9es canadiennes","GRC et v\u00e9t\u00e9rans","Nouvelles de l'Association","Voyages"],"inLanguage":"fr-FR"},{"@type":"WebPage","@id":"https:\/\/staging2.federalretirees.ca\/fr\/nouvelles\/septembre\/merci-westjet\/","url":"https:\/\/staging2.federalretirees.ca\/fr\/nouvelles\/septembre\/merci-westjet\/","name":"Merci, WestJet! - Association nationale des retrait\u00e9s f\u00e9d\u00e9raux","isPartOf":{"@id":"https:\/\/nafr.dev.sparkadvocacy.dev\/#website"},"datePublished":"2018-09-10T22:06:23+00:00","dateModified":"2026-02-05T23:39:13+00:00","author":{"@id":"https:\/\/nafr.dev.sparkadvocacy.dev\/#\/schema\/person\/eafc9268b05dc44bc390cbc6c57ff476"},"breadcrumb":{"@id":"https:\/\/staging2.federalretirees.ca\/fr\/nouvelles\/septembre\/merci-westjet\/#breadcrumb"},"inLanguage":"fr-FR","potentialAction":[{"@type":"ReadAction","target":["https:\/\/staging2.federalretirees.ca\/fr\/nouvelles\/septembre\/merci-westjet\/"]}]},{"@type":"BreadcrumbList","@id":"https:\/\/staging2.federalretirees.ca\/fr\/nouvelles\/septembre\/merci-westjet\/#breadcrumb","itemListElement":[{"@type":"ListItem","position":1,"name":"Home","item":"https:\/\/nafr.dev.sparkadvocacy.dev\/fr\/"},{"@type":"ListItem","position":2,"name":"Merci, WestJet!"}]},{"@type":"WebSite","@id":"https:\/\/nafr.dev.sparkadvocacy.dev\/#website","url":"https:\/\/nafr.dev.sparkadvocacy.dev\/","name":"National Association of Federal Retirees","description":"","potentialAction":[{"@type":"SearchAction","target":{"@type":"EntryPoint","urlTemplate":"https:\/\/nafr.dev.sparkadvocacy.dev\/?s={search_term_string}"},"query-input":{"@type":"PropertyValueSpecification","valueRequired":true,"valueName":"search_term_string"}}],"inLanguage":"fr-FR"},{"@type":"Person","@id":"https:\/\/nafr.dev.sparkadvocacy.dev\/#\/schema\/person\/eafc9268b05dc44bc390cbc6c57ff476","name":"Federal Retirees","image":{"@type":"ImageObject","inLanguage":"fr-FR","@id":"https:\/\/secure.gravatar.com\/avatar\/6d4a9693168abccf5d742b2510dcfefb1da1c0b64c74dd6803ad2131a67cd6ac?s=96&d=mm&r=g","url":"https:\/\/secure.gravatar.com\/avatar\/6d4a9693168abccf5d742b2510dcfefb1da1c0b64c74dd6803ad2131a67cd6ac?s=96&d=mm&r=g","contentUrl":"https:\/\/secure.gravatar.com\/avatar\/6d4a9693168abccf5d742b2510dcfefb1da1c0b64c74dd6803ad2131a67cd6ac?s=96&d=mm&r=g","caption":"Federal Retirees"},"url":"https:\/\/staging2.federalretirees.ca\/fr\/author\/servicefederalretirees-ca\/"}]}},"_links":{"self":[{"href":"https:\/\/staging2.federalretirees.ca\/fr\/wp-json\/wp\/v2\/posts\/6725","targetHints":{"allow":["GET"]}}],"collection":[{"href":"https:\/\/staging2.federalretirees.ca\/fr\/wp-json\/wp\/v2\/posts"}],"about":[{"href":"https:\/\/staging2.federalretirees.ca\/fr\/wp-json\/wp\/v2\/types\/post"}],"author":[{"embeddable":true,"href":"https:\/\/staging2.federalretirees.ca\/fr\/wp-json\/wp\/v2\/users\/27"}],"replies":[{"embeddable":true,"href":"https:\/\/staging2.federalretirees.ca\/fr\/wp-json\/wp\/v2\/comments?post=6725"}],"version-history":[{"count":0,"href":"https:\/\/staging2.federalretirees.ca\/fr\/wp-json\/wp\/v2\/posts\/6725\/revisions"}],"wp:attachment":[{"href":"https:\/\/staging2.federalretirees.ca\/fr\/wp-json\/wp\/v2\/media?parent=6725"}],"wp:term":[{"taxonomy":"category","embeddable":true,"href":"https:\/\/staging2.federalretirees.ca\/fr\/wp-json\/wp\/v2\/categories?post=6725"},{"taxonomy":"post_tag","embeddable":true,"href":"https:\/\/staging2.federalretirees.ca\/fr\/wp-json\/wp\/v2\/tags?post=6725"}],"curies":[{"name":"wp","href":"https:\/\/api.w.org\/{rel}","templated":true}]}}