{"id":6260,"date":"2022-09-29T16:16:21","date_gmt":"2022-09-29T20:16:21","guid":{"rendered":"https:\/\/nafr.dev.sparkadvocacy.dev\/?p=6260"},"modified":"2026-02-04T20:16:25","modified_gmt":"2026-02-05T01:16:25","slug":"elections-provinciales-2022-au-quebec-comparaison-des-plateformes-des-partis-politiques","status":"publish","type":"post","link":"https:\/\/staging2.federalretirees.ca\/fr\/nouvelles\/septembre\/elections-provinciales-2022-au-quebec-comparaison-des-plateformes-des-partis-politiques\/","title":{"rendered":"\u00c9lections provinciales 2022 au Qu\u00e9bec : comparaison des plateformes des partis politiques"},"content":{"rendered":"\n<h5>Pour se conformer aux r\u00e8gles d\u2019\u00c9lections Qu\u00e9bec, l\u2019Association nationale des retrait\u00e9s f\u00e9d\u00e9raux a compar\u00e9 les plateformes des 24&nbsp;partis politiques se pr\u00e9sentant aux \u00e9lections du 3&nbsp;octobre, pour vous permettre de prendre une d\u00e9cision \u00e9clair\u00e9e aux urnes.\n&nbsp;<\/h5>\n\n<p style=\"margin-bottom:11px\">\u00c0 l\u2019Association nationale des retrait\u00e9s f\u00e9d\u00e9raux, nous avons cru bon de scruter les plateformes des partis politiques qui se pr\u00e9sentent aux \u00e9lections provinciales du Qu\u00e9bec en 2022, pour d\u00e9crire et comparer les promesses qui portent sur les a\u00een\u00e9s, afin d\u2019aider les membres \u00e0 faire le choix le plus \u00e9clair\u00e9 possible le 3&nbsp;octobre 2022. Notre id\u00e9e premi\u00e8re \u00e9tait de comparer les cinq partis principaux. Toutefois, afin de respecter les r\u00e8gles \u00e9lectorales du Qu\u00e9bec, nous avons pris toutes les mesures n\u00e9cessaires pour vous pr\u00e9senter une comparaison des plateformes des partis politiques en ce qui a trait \u00e0 nos priorit\u00e9s de d\u00e9fense des int\u00e9r\u00eats. Pour ce faire, nous avons d\u00fb comparer tous les partis politiques reconnus par \u00c9lections Qu\u00e9bec et non seulement les cinq partis principaux. Si vous d\u00e9sirez obtenir plus d\u2019information, nous vous encourageons \u00e0 <a href=\"https:\/\/staging2.federalretirees.ca\/fr\/nouvelles\/aout\/le-quebec-vote-en-2022-moderniser-les-services-les?_cldee=GODS76lSmrOKyiM6VFTGVIiBcOWF7IN9FLetA-X8q_ayiViNb-DBmpvTzifWagng&amp;recipientid=contact-f3844a59c8f8ea11a815000d3af3a7c4-5544bf94d55f47359cc63b9856c16a8f&amp;utm_source=ClickDimensions&amp;utm_medium=email&amp;utm_campaign=NatOff%3A%20Advocacy&amp;esid=8ddf134f-b832-ed11-9db1-000d3ae9b20c#lecteurs\" rel=\" noopener\" target=\"_blank\">communiquer directement avec vos candidat\u00b7e\u00b7s locaux.<\/a><\/p>\n\n<p>Le tableau ci-dessus comprend les 24&nbsp;partis reconnus par \u00c9lections Qu\u00e9bec et pr\u00e9sente les politiques ax\u00e9es sur les a\u00een\u00e9s \u00e9nonc\u00e9es dans leurs plateformes ou leurs r\u00e9ponses \u00e0 l\u2019Association. Notre \u00e9quipe a essay\u00e9 de contacter tous les partis et seuls neuf des vingt-quatre partis nous ont r\u00e9pondu. L&rsquo;Association a re\u00e7u des r\u00e9ponses de l&rsquo;\u00c9quipe autonomiste, du Nouveau Parti d\u00e9mocratique du Qu\u00e9bec, du Parti 51, du Parti acc\u00e8s propri\u00e9t\u00e9 et \u00e9quit\u00e9, du Parti animal Qu\u00e9bec, du Parti conservateur du Qu\u00e9bec, du Parti lib\u00e9ral du Qu\u00e9bec, de Qu\u00e9bec int\u00e9grit\u00e9 et de Qu\u00e9bec solidaire.<\/p>\n\n<p>Nous avons aussi envoy\u00e9 une lettre \u00e0 chacun des chefs des cinq principaux partis ayant une chance de remporter un si\u00e8ge \u00e0 l\u2019Assembl\u00e9e nationale. Un seul parti, Qu\u00e9bec solidaire, a r\u00e9pondu \u00e0 notre lettre.<\/p>\n\n<table border=\"1\" cellpadding=\"0\" cellspacing=\"0\" style=\"width: 510px;\">\n\t<tbody>\n\t\t<tr>\n\t\t\t<td><a href=\"https:\/\/www.federalretirees.ca\/en\/media\/2364\/download\">Lettre \u00e0 la Coalition avenir Qu\u00e9bec<\/a>.<\/td>\n\t\t\t<td>Pas de r\u00e9ponse de la Coalition avenir Qu\u00e9bec<\/td>\n\t\t<\/tr>\n\t\t<tr>\n\t\t\t<td><a href=\"https:\/\/www.federalretirees.ca\/en\/media\/2362\/download\">Lettre au Parti conservateur du Qu\u00e9bec<\/a><\/td>\n\t\t\t<td>Pas de r\u00e9ponse du Parti conservateur du Qu\u00e9bec<\/td>\n\t\t<\/tr>\n\t\t<tr>\n\t\t\t<td><a href=\"https:\/\/www.federalretirees.ca\/en\/media\/2363\/download\">Lettre au Parti lib\u00e9ral du Qu\u00e9bec<\/a><\/td>\n\t\t\t<td>Pas de r\u00e9ponse du Parti lib\u00e9ral du Qu\u00e9bec<\/td>\n\t\t<\/tr>\n\t\t<tr>\n\t\t\t<td><a href=\"https:\/\/www.federalretirees.ca\/en\/media\/2366\/download\">Lettre au Parti qu\u00e9b\u00e9cois<\/a><\/td>\n\t\t\t<td>Pas de r\u00e9ponse du Parti qu\u00e9b\u00e9cois<\/td>\n\t\t<\/tr>\n\t\t<tr>\n\t\t\t<td><a href=\"https:\/\/www.federalretirees.ca\/en\/media\/2365\/download\">Lettre \u00e0 Qu\u00e9bec solidaire<\/a>&nbsp;&nbsp;&nbsp;&nbsp;&nbsp;&nbsp;&nbsp;&nbsp;&nbsp;&nbsp;&nbsp;&nbsp;&nbsp; &nbsp;&nbsp;<\/td>\n\t\t\t<td><a href=\"https:\/\/www.federalretirees.ca\/en\/media\/2367\/download\">R\u00e9ponse de Qu\u00e9bec solidaire<\/a><\/td>\n\t\t<\/tr>\n\t<\/tbody>\n<\/table>\n\n<p>&nbsp;<\/p>\n\n<table border=\"1\" cellpadding=\"0\" cellspacing=\"0\" style=\"border: medium none; border-radius: 15px; width: 510px;\">\n\t<tbody>\n\t\t<tr style=\"background-color: #23485B;\">\n\t\t\t<td style=\"border-width: 1pt; border-style: solid; border-color: rgb(35, 72, 91); padding: 0cm 5.4pt; width: 93px;\" valign=\"top\">\n\t\t\t<p style=\"text-align: center;\"><span style=\"font-family: arial;\"><span style=\"font-weight: normal;\"><span style=\"color:white;\">Political party<\/span><\/span><\/span><\/p>\n\t\t\t<\/td>\n\t\t\t<td style=\"border-width: 1pt 1pt 1pt medium; border-style: solid solid solid none; border-color: rgb(35, 72, 91); padding: 0cm 5.4pt; width: 94px;\" valign=\"top\">\n\t\t\t<p style=\"text-align: center;\"><span style=\"font-weight: normal;\"><span style=\"font-family: arial;\"><span style=\"color:white;\">Leader<\/span><\/span><\/span><\/p>\n\t\t\t<\/td>\n\t\t\t<td style=\"border-width: 1pt 1pt 1pt medium; border-style: solid solid solid none; border-color: rgb(35, 72, 91); padding: 0cm 5.4pt; width: 324px;\" valign=\"top\">\n\t\t\t<p style=\"text-align: center;\"><span style=\"font-weight: normal;\"><span style=\"font-family: arial;\"><span style=\"color:white;\">Commitments to Seniors<\/span><\/span><\/span><\/p>\n\t\t\t<\/td>\n\t\t<\/tr>\n\t\t<tr>\n\t\t\t<td style=\"border-width: medium 1pt 1pt; border-style: none solid solid; border-color: rgb(35, 72, 91); padding: 0cm 5.4pt; width: 93px;\" valign=\"top\">\n\t\t\t<p><a href=\"https:\/\/afcqc.com\/notre-plateforme\/\" rel=\" noopener\" target=\"_blank\">Alliance pour la famille et les\n\t\t\tcommunaut\u00e9s<\/a><\/p>\n\t\t\t<\/td>\n\t\t\t<td style=\"border-width: medium 1pt 1pt medium; border-style: none solid solid none; border-color: rgb(35, 72, 91); padding: 0cm 5.4pt; width: 94px;\" valign=\"top\">\n\t\t\t<p>Alain&nbsp;Rioux<\/p>\n\t\t\t<\/td>\n\t\t\t<td style=\"border-width: medium 1pt 1pt medium; border-style: none solid solid none; border-color: rgb(35, 72, 91); padding: 0cm 5.4pt; width: 324px;\" valign=\"top\">\n\t\t\t<p>Rien de sp\u00e9cifique.<\/p>\n\t\t\t<\/td>\n\t\t<\/tr>\n\t\t<tr>\n\t\t\t<td style=\"border-width: medium 1pt 1pt; border-style: none solid solid; border-color: rgb(35, 72, 91); padding: 0cm 5.4pt; width: 93px;\" valign=\"top\">\n\t\t\t<p>Bloc Montr\u00e9al<\/p>\n\t\t\t<\/td>\n\t\t\t<td style=\"border-width: medium 1pt 1pt medium; border-style: none solid solid none; border-color: rgb(35, 72, 91); padding: 0cm 5.4pt; width: 94px;\" valign=\"top\">\n\t\t\t<p>Balarama Holness<\/p>\n\t\t\t<\/td>\n\t\t\t<td style=\"border-width: medium 1pt 1pt medium; border-style: none solid solid none; border-color: rgb(35, 72, 91); padding: 0cm 5.4pt; width: 324px;\" valign=\"top\">\n\t\t\t<p>Pas de plateforme.<\/p>\n\t\t\t<\/td>\n\t\t<\/tr>\n\t\t<tr>\n\t\t\t<td style=\"border-width: medium 1pt 1pt; border-style: none solid solid; border-color: rgb(35, 72, 91); padding: 0cm 5.4pt; width: 93px;\" valign=\"top\">\n\t\t\t<p><a href=\"https:\/\/blocpot.qc.ca\/fr\/programme-officiel\" rel=\" noopener\" target=\"_blank\">Bloc pot<\/a><\/p>\n\n\t\t\t<p><span lang=\"FR-CA\" style=\"font-size:11.0pt\"><span style=\"line-height:107%\"><span style=\"font-family:&quot;Calibri&quot;,sans-serif\">Plateforme inchang\u00e9e depuis 1999 <\/span><\/span><\/span><\/p>\n\t\t\t<\/td>\n\t\t\t<td style=\"border-width: medium 1pt 1pt medium; border-style: none solid solid none; border-color: rgb(35, 72, 91); padding: 0cm 5.4pt; width: 94px;\" valign=\"top\">\n\t\t\t<p style=\"margin-bottom:11px\">Daniel&nbsp;Blackburn<\/p>\n\t\t\t<\/td>\n\t\t\t<td style=\"border-width: medium 1pt 1pt medium; border-style: none solid solid none; border-color: rgb(35, 72, 91); padding: 0cm 5.4pt; width: 324px;\" valign=\"top\">\n\t\t\t<p>Rien de sp\u00e9cifique.<\/p>\n\t\t\t<\/td>\n\t\t<\/tr>\n\t\t<tr>\n\t\t\t<td style=\"border-width: medium 1pt 1pt; border-style: none solid solid; border-color: rgb(35, 72, 91); padding: 0cm 5.4pt; width: 93px;\" valign=\"top\">\n\t\t\t<p><a href=\"https:\/\/climat.quebec\/wp-content\/uploads\/2022\/05\/Programme-Climat-Que%CC%81bec-2022.pdf\" rel=\" noopener\" target=\"_blank\">Climat\n\t\t\tQu\u00e9bec<\/a><\/p>\n\t\t\t<\/td>\n\t\t\t<td style=\"border-width: medium 1pt 1pt medium; border-style: none solid solid none; border-color: rgb(35, 72, 91); padding: 0cm 5.4pt; width: 94px;\" valign=\"top\">\n\t\t\t<p class=\"MsoSubtitle\" style=\"margin-bottom:11px\">Martine&nbsp;Ouellet<\/p>\n\t\t\t<\/td>\n\t\t\t<td style=\"border-width: medium 1pt 1pt medium; border-style: none solid solid none; border-color: rgb(35, 72, 91); padding: 0cm 5.4pt; width: 324px;\" valign=\"top\">\n\t\t\t<p class=\"MsoSubtitle\" style=\"margin-bottom:11px\">Rendre publics les CHSLD priv\u00e9s, instaurer une meilleure gestion et de meilleurs standards.<\/p>\n\n\t\t\t<p>Investir dans les soins \u00e0 domicile et augmentation du soutien aux aidants naturels.<\/p>\n\n\t\t\t<p>Cliniques de proximit\u00e9&nbsp;24-7 dans les CLSC<\/p>\n\t\t\t<\/td>\n\t\t<\/tr>\n\t\t<tr>\n\t\t\t<td style=\"border-width: medium 1pt 1pt; border-style: none solid solid; border-color: rgb(35, 72, 91); padding: 0cm 5.4pt; width: 93px;\" valign=\"top\">\n\t\t\t<p><a href=\"https:\/\/coalitionavenirquebec.org\/wp-content\/uploads\/2022\/09\/17-sept-caq-plateforme-coalition-avenir-quebec-2022.pdf\" rel=\" noopener\" target=\"_blank\">Coalition avenir <\/a>\n\t\t\t<a href=\"https:\/\/coalitionavenirquebec.org\/wp-content\/uploads\/2022\/09\/17-sept-caq-plateforme-coalition-avenir-quebec-2022.pdf\" rel=\" noopener\" target=\"_blank\">Qu\u00e9bec<\/a><\/p>\n\t\t\t<\/td>\n\t\t\t<td style=\"border-width: medium 1pt 1pt medium; border-style: none solid solid none; border-color: rgb(35, 72, 91); padding: 0cm 5.4pt; width: 94px;\" valign=\"top\">\n\t\t\t<p class=\"MsoSubtitle\" style=\"margin-bottom:11px\">Fran\u00e7ois Legault<\/p>\n\t\t\t<\/td>\n\t\t\t<td style=\"border-width: medium 1pt 1pt medium; border-style: none solid solid none; border-color: rgb(35, 72, 91); padding: 0cm 5.4pt; width: 324px;\" valign=\"top\">\n\t\t\t<p class=\"MsoSubtitle\" style=\"margin-bottom:11px\">Bonification du montant de soutien aux a\u00een\u00e9s.<\/p>\n\n\t\t\t<p>Poursuivre le d\u00e9veloppement des maisons des a\u00een\u00e9s.<\/p>\n\n\t\t\t<p>Programme de r\u00e9novation des CHSLD v\u00e9tustes.<\/p>\n\n\t\t\t<p>Investissements non chiffr\u00e9s dans les soins \u00e0 domicile.<\/p>\n\n\t\t\t<p>Valorisation de la lecture.<\/p>\n\t\t\t<\/td>\n\t\t<\/tr>\n\t\t<tr>\n\t\t\t<td style=\"border-width: medium 1pt 1pt; border-style: none solid solid; border-color: rgb(35, 72, 91); padding: 0cm 5.4pt; width: 93px;\" valign=\"top\">\n\t\t\t<p><a href=\"https:\/\/xn--dmocratiedirectequbec-b5br.com\/Propositions.aspx\" rel=\" noopener\" target=\"_blank\">D\u00e9mocratie <\/a><a href=\"https:\/\/xn--dmocratiedirectequbec-b5br.com\/Propositions.aspx\" rel=\" noopener\" target=\"_blank\">directe<\/a><\/p>\n\t\t\t<\/td>\n\t\t\t<td style=\"border-width: medium 1pt 1pt medium; border-style: none solid solid none; border-color: rgb(35, 72, 91); padding: 0cm 5.4pt; width: 94px;\" valign=\"top\">\n\t\t\t<p style=\"margin-bottom:11px\">Jean-Charles Cl\u00e9roux<\/p>\n\t\t\t<\/td>\n\t\t\t<td style=\"border-width: medium 1pt 1pt medium; border-style: none solid solid none; border-color: rgb(35, 72, 91); padding: 0cm 5.4pt; width: 324px;\" valign=\"top\">\n\t\t\t<p class=\"MsoSubtitle\" style=\"margin-bottom:11px\">Pas de plateforme en tant que telle, mais un ensemble de propositions propos\u00e9es et appuy\u00e9es par les membres.<\/p>\n\n\t\t\t<p>Une seule mentionne les a\u00een\u00e9s.<\/p>\n\n\t\t\t<p>Des cr\u00e9dits d&rsquo;imp\u00f4t ou des rabais en \u00e9change de b\u00e9n\u00e9volat.<\/p>\n\t\t\t<\/td>\n\t\t<\/tr>\n\t\t<tr>\n\t\t\t<td style=\"border-width: medium 1pt 1pt; border-style: none solid solid; border-color: rgb(35, 72, 91); padding: 0cm 5.4pt; width: 93px;\" valign=\"top\">\n\t\t\t<p><a href=\"https:\/\/equipeautonomiste.ca\/Plateforme\" rel=\" noopener\" target=\"_blank\">\u00c9quipe autonomiste<\/a><\/p>\n\t\t\t<\/td>\n\t\t\t<td style=\"border-width: medium 1pt 1pt medium; border-style: none solid solid none; border-color: rgb(35, 72, 91); padding: 0cm 5.4pt; width: 94px;\" valign=\"top\">\n\t\t\t<p style=\"margin-bottom:11px\">St\u00e9phane Pouleur (interim)<\/p>\n\t\t\t<\/td>\n\t\t\t<td style=\"border-width: medium 1pt 1pt medium; border-style: none solid solid none; border-color: rgb(35, 72, 91); padding: 0cm 5.4pt; width: 324px;\" valign=\"top\">\n\t\t\t<p>Rien de sp\u00e9cifique, sauf l&rsquo;\u00e9nonc\u00e9 de principe qu&rsquo;ils sont pour l&rsquo;\u00e9galit\u00e9 entre tous les groupes d\u2019\u00e2ge.<\/p>\n\t\t\t<\/td>\n\t\t<\/tr>\n\t\t<tr>\n\t\t\t<td style=\"border-width: medium 1pt 1pt; border-style: none solid solid; border-color: rgb(35, 72, 91); padding: 0cm 5.4pt; width: 93px;\" valign=\"top\">\n\t\t\t<p><a href=\"https:\/\/uff.quebec\/en\/our-programs\" rel=\" noopener\" target=\"_blank\">L&rsquo;union fait la force<\/a><\/p>\n\t\t\t<\/td>\n\t\t\t<td style=\"border-width: medium 1pt 1pt medium; border-style: none solid solid none; border-color: rgb(35, 72, 91); padding: 0cm 5.4pt; width: 94px;\" valign=\"top\">\n\t\t\t<p style=\"margin-bottom:11px\">Georges&nbsp;Samman<\/p>\n\t\t\t<\/td>\n\t\t\t<td style=\"border-width: medium 1pt 1pt medium; border-style: none solid solid none; border-color: rgb(35, 72, 91); padding: 0cm 5.4pt; width: 324px;\" valign=\"top\">\n\t\t\t<p>Rien de sp\u00e9cifique.<\/p>\n\t\t\t<\/td>\n\t\t<\/tr>\n\t\t<tr>\n\t\t\t<td style=\"border-width: medium 1pt 1pt; border-style: none solid solid; border-color: rgb(35, 72, 91); padding: 0cm 5.4pt; width: 93px;\" valign=\"top\">\n\t\t\t<p>Nouveau Parti\n\t\t\td\u00e9mocratique\n\t\t\tdu Qu\u00e9bec<\/p>\n\t\t\t<\/td>\n\t\t\t<td style=\"border-width: medium 1pt 1pt medium; border-style: none solid solid none; border-color: rgb(35, 72, 91); padding: 0cm 5.4pt; width: 94px;\" valign=\"top\">\n\t\t\t<p style=\"margin-bottom:11px\">Rapha\u00ebl&nbsp;Fortin<\/p>\n\t\t\t<\/td>\n\t\t\t<td style=\"border-width: medium 1pt 1pt medium; border-style: none solid solid none; border-color: rgb(35, 72, 91); padding: 0cm 5.4pt; width: 324px;\" valign=\"top\">\n\t\t\t<p>Ils ont d\u00e9cid\u00e9 de ne pas pr\u00e9senter de candidat pour ces \u00e9lections.<\/p>\n\t\t\t<\/td>\n\t\t<\/tr>\n\t\t<tr>\n\t\t\t<td style=\"border-width: medium 1pt 1pt; border-style: none solid solid; border-color: rgb(35, 72, 91); padding: 0cm 5.4pt; width: 93px;\" valign=\"top\">\n\t\t\t<p>Parti&nbsp;51<\/p>\n\t\t\t<\/td>\n\t\t\t<td style=\"border-width: medium 1pt 1pt medium; border-style: none solid solid none; border-color: rgb(35, 72, 91); padding: 0cm 5.4pt; width: 94px;\" valign=\"top\">\n\t\t\t<p style=\"margin-bottom:11px\">Hans&nbsp;Mercier<\/p>\n\t\t\t<\/td>\n\t\t\t<td style=\"border-width: medium 1pt 1pt medium; border-style: none solid solid none; border-color: rgb(35, 72, 91); padding: 0cm 5.4pt; width: 324px;\" valign=\"top\">\n\t\t\t<p>Rien de sp\u00e9cifique.<\/p>\n\t\t\t<\/td>\n\t\t<\/tr>\n\t\t<tr>\n\t\t\t<td style=\"border-width: medium 1pt 1pt; border-style: none solid solid; border-color: rgb(35, 72, 91); padding: 0cm 5.4pt; width: 93px;\" valign=\"top\">\n\t\t\t<p><a href=\"http:\/\/www.pape.quebec\/\" rel=\" noopener\" target=\"_blank\">Parti acc\u00e8s\n\t\t\tpropri\u00e9t\u00e9 et\n\t\t\t\u00e9quit\u00e9<\/a><\/p>\n\t\t\t<\/td>\n\t\t\t<td style=\"border-width: medium 1pt 1pt medium; border-style: none solid solid none; border-color: rgb(35, 72, 91); padding: 0cm 5.4pt; width: 94px;\" valign=\"top\">\n\t\t\t<p style=\"margin-bottom:11px\">Shawn Lalande McLean<\/p>\n\t\t\t<\/td>\n\t\t\t<td style=\"border-width: medium 1pt 1pt medium; border-style: none solid solid none; border-color: rgb(35, 72, 91); padding: 0cm 5.4pt; width: 324px;\" valign=\"top\">\n\t\t\t<p>Rien de sp\u00e9cifique, sauf la promotion de maisons multig\u00e9n\u00e9rationnelles o\u00f9 le rez-de-chauss\u00e9e serait r\u00e9serv\u00e9 aux a\u00een\u00e9s.<\/p>\n\t\t\t<\/td>\n\t\t<\/tr>\n\t\t<tr>\n\t\t\t<td style=\"border-width: medium 1pt 1pt; border-style: none solid solid; border-color: rgb(35, 72, 91); padding: 0cm 5.4pt; width: 93px;\" valign=\"top\">\n\t\t\t<p><a href=\"https:\/\/www.animalprotectionparty.ca\/wp-content\/uploads\/2019\/10\/Platform-FR-for-email-Oct-17-2.pdf\" rel=\" noopener\" target=\"_blank\">Parti\n\t\t\tanimal\n\t\t\tQu\u00e9bec<\/a><\/p>\n\t\t\t<\/td>\n\t\t\t<td style=\"border-width: medium 1pt 1pt medium; border-style: none solid solid none; border-color: rgb(35, 72, 91); padding: 0cm 5.4pt; width: 94px;\" valign=\"top\">\n\t\t\t<p>(Vacant position)<\/p>\n\t\t\t<\/td>\n\t\t\t<td style=\"border-width: medium 1pt 1pt medium; border-style: none solid solid none; border-color: rgb(35, 72, 91); padding: 0cm 5.4pt; width: 324px;\" valign=\"top\">\n\t\t\t<p>Rien, sauf la promotion du v\u00e9g\u00e9talisme pour les a\u00een\u00e9s.<\/p>\n\t\t\t<\/td>\n\t\t<\/tr>\n\t\t<tr>\n\t\t\t<td style=\"border-width: medium 1pt 1pt; border-style: none solid solid; border-color: rgb(35, 72, 91); padding: 0cm 5.4pt; width: 93px;\" valign=\"top\">\n\t\t\t<p><a href=\"https:\/\/particanadienquebec.com\/principes-fondamentaux\/\" rel=\" noopener\" target=\"_blank\">Parti\n\t\t\tcanadien\n\t\t\tdu Qu\u00e9bec<\/a><\/p>\n\t\t\t<\/td>\n\t\t\t<td style=\"border-width: medium 1pt 1pt medium; border-style: none solid solid none; border-color: rgb(35, 72, 91); padding: 0cm 5.4pt; width: 94px;\" valign=\"top\">\n\t\t\t<p style=\"margin-bottom:11px\">Colin&nbsp;Standish<\/p>\n\t\t\t<\/td>\n\t\t\t<td style=\"border-width: medium 1pt 1pt medium; border-style: none solid solid none; border-color: rgb(35, 72, 91); padding: 0cm 5.4pt; width: 324px;\" valign=\"top\">\n\t\t\t<p>Rien de sp\u00e9cifique.<\/p>\n\t\t\t<\/td>\n\t\t<\/tr>\n\t\t<tr>\n\t\t\t<td style=\"border-width: medium 1pt 1pt; border-style: none solid solid; border-color: rgb(35, 72, 91); padding: 0cm 5.4pt; width: 93px;\" valign=\"top\">\n\t\t\t<p><a href=\"https:\/\/www.conservateur.quebec\/plateforme\" rel=\" noopener\" target=\"_blank\">Parti\n\t\t\tconservateur\n\t\t\tdu Qu\u00e9bec<\/a><\/p>\n\t\t\t<\/td>\n\t\t\t<td style=\"border-width: medium 1pt 1pt medium; border-style: none solid solid none; border-color: rgb(35, 72, 91); padding: 0cm 5.4pt; width: 94px;\" valign=\"top\">\n\t\t\t<p style=\"margin-bottom:11px\">\u00c9ric&nbsp;Duhaime<\/p>\n\t\t\t<\/td>\n\t\t\t<td style=\"border-width: medium 1pt 1pt medium; border-style: none solid solid none; border-color: rgb(35, 72, 91); padding: 0cm 5.4pt; width: 324px;\" valign=\"top\">\n\t\t\t<p class=\"MsoSubtitle\" style=\"margin-bottom:11px\">Offrir aux Qu\u00e9b\u00e9cois le m\u00eame niveau de couverture d\u2019assurance en ce qui a trait aux soins \u00e0 domicile et aux soins de longue dur\u00e9e que les pays les plus performants, par une assurance \u00e9tatique ou priv\u00e9e.<\/p>\n\n\t\t\t<p>Augmenter le cr\u00e9dit d\u2019imp\u00f4t au prolongement de carri\u00e8re des travailleurs d\u2019exp\u00e9rience&nbsp;:<\/p>\n\n\t\t\t<ul>\n\t\t\t\t<li>De 1500&nbsp;$ \u00e0 3000&nbsp;$ pour les 60 \u00e0 64&nbsp;ans;&nbsp;<\/li>\n\t\t\t\t<li>De 1650&nbsp;$ \u00e0 5000&nbsp;$ pour les 65&nbsp;ans et&nbsp; &nbsp; &nbsp; plus.<\/li>\n\t\t\t\t<li>Le cr\u00e9dit d\u2019imp\u00f4t sera remboursable.<\/li>\n\t\t\t<\/ul>\n\t\t\t<\/td>\n\t\t<\/tr>\n\t\t<tr>\n\t\t\t<td style=\"border-width: medium 1pt 1pt; border-style: none solid solid; border-color: rgb(35, 72, 91); padding: 0cm 5.4pt; width: 93px;\" valign=\"top\">\n\t\t\t<p><a href=\"http:\/\/www.particulinaireduquebec.org\/\" rel=\" noopener\" target=\"_blank\">Parti\n\t\t\tculinaire\n\t\t\tdu Qu\u00e9bec<\/a>&nbsp;<\/p>\n\t\t\t<\/td>\n\t\t\t<td style=\"border-width: medium 1pt 1pt medium; border-style: none solid solid none; border-color: rgb(35, 72, 91); padding: 0cm 5.4pt; width: 94px;\" valign=\"top\">\n\t\t\t<p style=\"margin-bottom:11px\">Jean-Louis&nbsp; Th\u00e9mistocle<\/p>\n\t\t\t<\/td>\n\t\t\t<td style=\"border-width: medium 1pt 1pt medium; border-style: none solid solid none; border-color: rgb(35, 72, 91); padding: 0cm 5.4pt; width: 324px;\" valign=\"top\">\n\t\t\t<p class=\"MsoSubtitle\" style=\"margin-bottom:11px\">Cuisine fine disponible dans les h\u00f4pitaux, les CHSLD et les \u00e9coles.<\/p>\n\n\t\t\t<p>Juste r\u00e9partition des richesses.<\/p>\n\t\t\t<\/td>\n\t\t<\/tr>\n\t\t<tr>\n\t\t\t<td style=\"border-width: medium 1pt 1pt; border-style: none solid solid; border-color: rgb(35, 72, 91); padding: 0cm 5.4pt; width: 93px;\" valign=\"top\">\n\t\t\t<p><a href=\"https:\/\/www.partihumainquebec.com\/blog\" rel=\" noopener\" target=\"_blank\">Parti\n\t\t\thumain\n\t\t\tdu Qu\u00e9bec<\/a><\/p>\n\t\t\t<\/td>\n\t\t\t<td style=\"border-width: medium 1pt 1pt medium; border-style: none solid solid none; border-color: rgb(35, 72, 91); padding: 0cm 5.4pt; width: 94px;\" valign=\"top\">\n\t\t\t<p style=\"margin-bottom:11px\">Marie-\u00c8ve&nbsp;\n\t\t\tOuellette<\/p>\n\t\t\t<\/td>\n\t\t\t<td style=\"border-width: medium 1pt 1pt medium; border-style: none solid solid none; border-color: rgb(35, 72, 91); padding: 0cm 5.4pt; width: 324px;\" valign=\"top\">\n\t\t\t<p>Rien de sp\u00e9cifique, sinon que de mieux repr\u00e9senter les proches-aidants.<\/p>\n\t\t\t<\/td>\n\t\t<\/tr>\n\t\t<tr>\n\t\t\t<td style=\"border-width: medium 1pt 1pt; border-style: none solid solid; border-color: rgb(35, 72, 91); padding: 0cm 5.4pt; width: 93px;\" valign=\"top\">\n\t\t\t<p><a href=\"https:\/\/secureservercdn.net\/45.40.155.193\/bmb.7a9.myftpupload.com\/wp-content\/uploads\/2022\/07\/livreliberal-fr-v2.pdf\" rel=\" noopener\" target=\"_blank\">Parti\n\t\t\tlib\u00e9ral\n\t\t\tdu Qu\u00e9bec<\/a><\/p>\n\t\t\t<\/td>\n\t\t\t<td style=\"border-width: medium 1pt 1pt medium; border-style: none solid solid none; border-color: rgb(35, 72, 91); padding: 0cm 5.4pt; width: 94px;\" valign=\"top\">\n\t\t\t<p>Dominique&nbsp;Anglade<\/p>\n\t\t\t<\/td>\n\t\t\t<td style=\"border-width: medium 1pt 1pt medium; border-style: none solid solid none; border-color: rgb(35, 72, 91); padding: 0cm 5.4pt; width: 324px;\" valign=\"top\">\n\t\t\t<p class=\"MsoSubtitle\" style=\"margin-bottom:11px\">Mettre en place une \u00ab\u2009Allocation a\u00een\u00e9e\u2009\u00bb de 2\u2009000&nbsp;$ annuellement pour soutenir les personnes de 70&nbsp;ans et plus qui souhaitent rester \u00e0 domicile.<\/p>\n\n\t\t\t<p>D\u00e9ployer des unit\u00e9s de soins intensifs \u00e0 domicile dans toutes les r\u00e9gions du Qu\u00e9bec, avec les outils informatiques appropri\u00e9s.<\/p>\n\n\t\t\t<p>Assurer un meilleur financement des organismes communautaires qui \u0153uvrent aupr\u00e8s des a\u00een\u00e9s \u00e0 domicile.<\/p>\n\n\t\t\t<p>S\u2019assurer de mettre en place et maintenir des ratios personnel-patients s\u00e9curitaires dans tous les CHSLD.<\/p>\n\n\t\t\t<p>Former deux fois plus de g\u00e9riatres pour mieux r\u00e9pondre aux besoins des a\u00een\u00e9s.<\/p>\n\n\t\t\t<p>D\u00e9ployer des pharmaciens d\u2019\u00e9tablissements dans tous les CHSLD pour aider \u00e0 la prise en charge des a\u00een\u00e9s qui y sont h\u00e9berg\u00e9s et s\u2019assurer que leur m\u00e9dication est mieux ajust\u00e9e et plus s\u00e9curitaire.<\/p>\n\t\t\t<\/td>\n\t\t<\/tr>\n\t\t<tr>\n\t\t\t<td style=\"border-width: medium 1pt 1pt; border-style: none solid solid; border-color: rgb(35, 72, 91); padding: 0cm 5.4pt; width: 93px;\" valign=\"top\">\n\t\t\t<p><a href=\"https:\/\/www.facebook.com\/partilibertarien\/\" rel=\" noopener\" target=\"_blank\">Parti libertarien du Qu\u00e9bec<\/a><\/p>\n\t\t\t<\/td>\n\t\t\t<td style=\"border-width: medium 1pt 1pt medium; border-style: none solid solid none; border-color: rgb(35, 72, 91); padding: 0cm 5.4pt; width: 94px;\" valign=\"top\">\n\t\t\t<p style=\"margin-bottom:11px\">Charles-Olivier&nbsp; Bolduc<\/p>\n\t\t\t<\/td>\n\t\t\t<td style=\"border-width: medium 1pt 1pt medium; border-style: none solid solid none; border-color: rgb(35, 72, 91); padding: 0cm 5.4pt; width: 324px;\" valign=\"top\">\n\t\t\t<p>Rien de sp\u00e9cifique.<\/p>\n\t\t\t<\/td>\n\t\t<\/tr>\n\t\t<tr>\n\t\t\t<td style=\"border-width: medium 1pt 1pt; border-style: none solid solid; border-color: rgb(35, 72, 91); padding: 0cm 5.4pt; width: 93px;\" valign=\"top\">\n\t\t\t<p><a href=\"https:\/\/www.facebook.com\/partimarxisteleninisteduquebec\/\" rel=\" noopener\" target=\"_blank\">Parti\n\t\t\tmarxiste-l\u00e9niniste du Qu\u00e9bec<\/a><\/p>\n\t\t\t<\/td>\n\t\t\t<td style=\"border-width: medium 1pt 1pt medium; border-style: none solid solid none; border-color: rgb(35, 72, 91); padding: 0cm 5.4pt; width: 94px;\" valign=\"top\">\n\t\t\t<p style=\"margin-bottom:11px\">Pierre Chenier<\/p>\n\t\t\t<\/td>\n\t\t\t<td style=\"border-width: medium 1pt 1pt medium; border-style: none solid solid none; border-color: rgb(35, 72, 91); padding: 0cm 5.4pt; width: 324px;\" valign=\"top\">\n\t\t\t<p>Rien de sp\u00e9cifique.<\/p>\n\t\t\t<\/td>\n\t\t<\/tr>\n\t\t<tr>\n\t\t\t<td style=\"border-width: medium 1pt 1pt; border-style: none solid solid; border-color: rgb(35, 72, 91); padding: 0cm 5.4pt; width: 93px;\" valign=\"top\">\n\t\t\t<p><a href=\"https:\/\/partinul.net\/\" rel=\" noopener\" target=\"_blank\">Parti nul<\/a><\/p>\n\t\t\t<\/td>\n\t\t\t<td style=\"border-width: medium 1pt 1pt medium; border-style: none solid solid none; border-color: rgb(35, 72, 91); padding: 0cm 5.4pt; width: 94px;\" valign=\"top\">\n\t\t\t<p style=\"margin-bottom:11px\">Renaud&nbsp;Blais<\/p>\n\t\t\t<\/td>\n\t\t\t<td style=\"border-width: medium 1pt 1pt medium; border-style: none solid solid none; border-color: rgb(35, 72, 91); padding: 0cm 5.4pt; width: 324px;\" valign=\"top\">\n\t\t\t<p>Pas de plateforme.<\/p>\n\t\t\t<\/td>\n\t\t<\/tr>\n\t\t<tr>\n\t\t\t<td style=\"border-width: medium 1pt 1pt; border-style: none solid solid; border-color: rgb(35, 72, 91); padding: 0cm 5.4pt; width: 93px;\" valign=\"top\">\n\t\t\t<p><a href=\"https:\/\/www.quebecpays.com\/\" rel=\" noopener\" target=\"_blank\">Parti pour l&rsquo;ind\u00e9pendance du Qu\u00e9bec<\/a><\/p>\n\t\t\t<\/td>\n\t\t\t<td style=\"border-width: medium 1pt 1pt medium; border-style: none solid solid none; border-color: rgb(35, 72, 91); padding: 0cm 5.4pt; width: 94px;\" valign=\"top\">\n\t\t\t<p style=\"margin-bottom:11px\">Jacinthe&nbsp;Lafrenaye<\/p>\n\t\t\t<\/td>\n\t\t\t<td style=\"border-width: medium 1pt 1pt medium; border-style: none solid solid none; border-color: rgb(35, 72, 91); padding: 0cm 5.4pt; width: 324px;\" valign=\"top\">\n\t\t\t<p>Rien de sp\u00e9cifique.<\/p>\n\t\t\t<\/td>\n\t\t<\/tr>\n\t\t<tr>\n\t\t\t<td style=\"border-width: medium 1pt 1pt; border-style: none solid solid; border-color: rgb(35, 72, 91); padding: 0cm 5.4pt; width: 93px;\" valign=\"top\">\n\t\t\t<p><a href=\"https:\/\/pq.org\/wp-content\/uploads\/2022\/08\/aines-v11-web.pdf\" rel=\" noopener\" target=\"_blank\">Parti qu\u00e9b\u00e9cois<\/a><\/p>\n\t\t\t<\/td>\n\t\t\t<td style=\"border-width: medium 1pt 1pt medium; border-style: none solid solid none; border-color: rgb(35, 72, 91); padding: 0cm 5.4pt; width: 94px;\" valign=\"top\">\n\t\t\t<p>Paul St-Pierre Plamondon<\/p>\n\t\t\t<\/td>\n\t\t\t<td style=\"border-width: medium 1pt 1pt medium; border-style: none solid solid none; border-color: rgb(35, 72, 91); padding: 0cm 5.4pt; width: 324px;\" valign=\"top\">\n\t\t\t<p class=\"MsoSubtitle\" style=\"margin-bottom:11px\">Soin \u00e0 domicile pour tous ceux qui le d\u00e9sirent d&rsquo;ici quatre ans.<\/p>\n\n\t\t\t<p>Tripler le nombre d&rsquo;heures de soin.<\/p>\n\n\t\t\t<p>Bonification du programme d\u2019exon\u00e9ration financi\u00e8re pour les services d\u2019aide domestique (PEFSAD).<\/p>\n\n\t\t\t<p>Doubler les montants maximaux admissibles pour le programme d&rsquo;adaptation de domicile.<\/p>\n\n\t\t\t<p>Imposer de nouvelles normes pour augmenter la construction et l&rsquo;agrandissement de logements interg\u00e9n\u00e9rationnels.<\/p>\n\n\t\t\t<p>Aide financi\u00e8re jusqu&rsquo;\u00e0 25\u2009000&nbsp;$ pour la transformation d&rsquo;une propri\u00e9t\u00e9 en maison interg\u00e9n\u00e9rationnelle.<\/p>\n\n\t\t\t<p>Bonification de l\u2019offre de transport adapt\u00e9 dans toutes les r\u00e9gions.<\/p>\n\n\t\t\t<p>Mise \u00e0 jour de l&rsquo;am\u00e9nagement urbain sous le prisme de la mobilit\u00e9 des a\u00een\u00e9s accompagn\u00e9e d&rsquo;aide financi\u00e8re aux municipalit\u00e9s.<\/p>\n\n\t\t\t<p>Bonification du financement des organismes se consacrant au bien-\u00eatre des a\u00een\u00e9s.<\/p>\n\n\t\t\t<p>Cr\u00e9dit d&rsquo;imp\u00f4t de 500&nbsp;$ pour les activit\u00e9s de mentorat.<\/p>\n\n\t\t\t<p>Rabais culturels de 20&nbsp;% pour le th\u00e9\u00e2tre.<\/p>\n\n\t\t\t<p>Cr\u00e9ation du minist\u00e8re de la Solitude.<\/p>\n\n\t\t\t<p>Allocation de 1000&nbsp;$ pour les 65&nbsp;ans et plus au revenu inf\u00e9rieur \u00e0 35\u2009000&nbsp;$.<\/p>\n\n\t\t\t<p>Arr\u00eat des cotisations \u00e0 la RRQ pour les 65&nbsp;ans et plus qui travaillent.<\/p>\n\n\t\t\t<p>Bonification du cr\u00e9dit d\u2019imp\u00f4t pour prolongation de carri\u00e8re.<\/p>\n\n\t\t\t<p>Bonification de la RRQ \u00e0 40&nbsp;% du revenu et augmenter le maximum des gains admissibles \u00e0 75\u2009000&nbsp;$.<\/p>\n\n\t\t\t<p>Commission d&rsquo;enqu\u00eate publique sur la gestion de la pand\u00e9mie (CHSLD).<\/p>\n\n\t\t\t<p>Cr\u00e9ation d&rsquo;un poste de protecteur des a\u00een\u00e9s, ind\u00e9pendant du r\u00e9seau de la sant\u00e9.<\/p>\n\n\t\t\t<p>R\u00e9glementer les frais dans les r\u00e9sidences pour personnes \u00e2g\u00e9es.<\/p>\n\t\t\t<\/td>\n\t\t<\/tr>\n\t\t<tr>\n\t\t\t<td style=\"border-width: medium 1pt 1pt; border-style: none solid solid; border-color: rgb(35, 72, 91); padding: 0cm 5.4pt; width: 93px;\" valign=\"top\">\n\t\t\t<p><a href=\"https:\/\/pvq.qc.ca\/wp-content\/uploads\/2022\/08\/programme_2022_ENG_compress.pdf\" rel=\" noopener\" target=\"_blank\">Parti\n\t\t\tvert du <\/a>\n\t\t\t<a href=\"https:\/\/pvq.qc.ca\/wp-content\/uploads\/2022\/08\/programme_2022_compress-1.pdf\" rel=\" noopener\" target=\"_blank\">Qu\u00e9bec<\/a><\/p>\n\t\t\t<\/td>\n\t\t\t<td style=\"border-width: medium 1pt 1pt medium; border-style: none solid solid none; border-color: rgb(35, 72, 91); padding: 0cm 5.4pt; width: 94px;\" valign=\"top\">\n\t\t\t<p>Alex&nbsp;Tyrrell<\/p>\n\t\t\t<\/td>\n\t\t\t<td style=\"border-width: medium 1pt 1pt medium; border-style: none solid solid none; border-color: rgb(35, 72, 91); padding: 0cm 5.4pt; width: 324px;\" valign=\"top\">\n\t\t\t<p class=\"MsoSubtitle\" style=\"margin-bottom:11px\">Bonification du r\u00e9seau des CHSLD et am\u00e9lioration de la qualit\u00e9 de vie au m\u00eame niveau que les meilleures r\u00e9sidences priv\u00e9es.<\/p>\n\n\t\t\t<p>Instauration d&rsquo;un revenu minimum garanti de 25\u2009000&nbsp;$ par ann\u00e9e.<\/p>\n\n\t\t\t<p>Cr\u00e9ation d&rsquo;un syst\u00e8me de soins dentaires publics universels et gratuits pour tous.<\/p>\n\n\t\t\t<p>Cr\u00e9ation de Pharma-Qu\u00e9bec qui instaurera la gratuit\u00e9 des m\u00e9dicaments de prescription.<\/p>\n\n\t\t\t<p>Am\u00e9lioration de la mobilit\u00e9 en offrant un service gratuit de transports en commun adapt\u00e9s.<\/p>\n\n\t\t\t<p>Services d&rsquo;\u00e9conomie sociale pour le maintien \u00e0 domicile.<\/p>\n\n\t\t\t<p>Ensemble de mesures pour am\u00e9liorer le r\u00e9seau de CHSLD.<\/p>\n\t\t\t<\/td>\n\t\t<\/tr>\n\t\t<tr>\n\t\t\t<td style=\"border-width: medium 1pt 1pt; border-style: none solid solid; border-color: rgb(35, 72, 91); padding: 0cm 5.4pt; width: 93px;\" valign=\"top\">\n\t\t\t<p><a href=\"http:\/\/quebecintegrite.org\/index.php\/fr\/programme\" rel=\" noopener\" target=\"_blank\">Qu\u00e9bec\n\t\t\tint\u00e9grit\u00e9<\/a><\/p>\n\t\t\t<\/td>\n\t\t\t<td style=\"border-width: medium 1pt 1pt medium; border-style: none solid solid none; border-color: rgb(35, 72, 91); padding: 0cm 5.4pt; width: 94px;\" valign=\"top\">\n\t\t\t<p style=\"margin-bottom:11px\">Nancy&nbsp;Rochon<\/p>\n\t\t\t<\/td>\n\t\t\t<td style=\"border-width: medium 1pt 1pt medium; border-style: none solid solid none; border-color: rgb(35, 72, 91); padding: 0cm 5.4pt; width: 324px;\" valign=\"top\">\n\t\t\t<p>Rien de sp\u00e9cifique.<\/p>\n\t\t\t<\/td>\n\t\t<\/tr>\n\t\t<tr>\n\t\t\t<td style=\"border-width: medium 1pt 1pt; border-style: none solid solid; border-color: rgb(35, 72, 91); padding: 0cm 5.4pt; width: 93px;\" valign=\"top\">\n\t\t\t<p><a href=\"https:\/\/2022.quebecsolidaire.net\/plateforme\" rel=\" noopener\" target=\"_blank\">Qu\u00e9bec\n\t\t\tsolidaire<\/a><\/p>\n\t\t\t<\/td>\n\t\t\t<td style=\"border-width: medium 1pt 1pt medium; border-style: none solid solid none; border-color: rgb(35, 72, 91); padding: 0cm 5.4pt; width: 94px;\" valign=\"top\">\n\t\t\t<p style=\"margin-bottom:11px\">Nicolas&nbsp;Chatel-Launay<\/p>\n\t\t\t<\/td>\n\t\t\t<td style=\"border-width: medium 1pt 1pt medium; border-style: none solid solid none; border-color: rgb(35, 72, 91); padding: 0cm 5.4pt; width: 324px;\" valign=\"top\">\n\t\t\t<p class=\"MsoSubtitle\" style=\"margin-bottom:11px\">Cr\u00e9ation d&rsquo;un r\u00e9gime de retraite public et universel tenant compte du travail non r\u00e9mun\u00e9r\u00e9 et incluant la notion de pension minimale.<\/p>\n\n\t\t\t<p>Appuie la proposition de la F\u00e9d\u00e9ration canadienne des retrait\u00e9s d\u2019instaurer un \u00ab\u2009R\u00e9gime d\u2019assurance-pension du Qu\u00e9bec\u2009\u00bb (RAPQ).<\/p>\n\n\t\t\t<p>Virage vivre \u00e0 domicile.<\/p>\n\n\t\t\t<p>Subvention pour l\u2019ame\u0301nagement de maisons interge\u0301ne\u0301rationnelles et la transformation des re\u0301sidences.<\/p>\n\n\t\t\t<p>Nationalisation des CHSLD prive\u0301s et de\u0301veloppement de lieux de re\u0301sidence a\u0300 but non lucratif.<\/p>\n\n\t\t\t<p>Bonification de l\u2019aide sociale et projet pilote de revenu minimum garanti.<\/p>\n\n\t\t\t<p>50\u2009000 nouveaux logements sociaux.<\/p>\n\n\t\t\t<p>Annulation de la hausse des tarifs d&rsquo;Hydro-Qu\u00e9bec.<\/p>\n\t\t\t<\/td>\n\t\t<\/tr>\n\t\t<tr>\n\t\t\t<td style=\"border-width: medium 1pt 1pt; border-style: none solid solid; border-color: rgb(35, 72, 91); padding: 0cm 5.4pt; width: 93px;\" valign=\"top\">\n\t\t\t<p><a href=\"https:\/\/drive.googl\n","protected":false},"excerpt":{"rendered":"<p>Pour se conformer aux r\u00e8gles d\u2019\u00c9lections Qu\u00e9bec, l\u2019Association nationale des retrait\u00e9s f\u00e9d\u00e9raux a compar\u00e9 les plateformes des 24&nbsp;partis politiques se pr\u00e9sentant aux \u00e9lections du 3&nbsp;octobre, pour vous permettre de prendre une d\u00e9cision \u00e9clair\u00e9e aux urnes. &nbsp; \u00c0 l\u2019Association nationale des&#8230;<\/p>\n","protected":false},"author":27,"featured_media":11952,"comment_status":"closed","ping_status":"closed","sticky":false,"template":"","format":"standard","meta":{"_acf_changed":false,"footnotes":""},"categories":[359],"tags":[],"class_list":["post-6260","post","type-post","status-publish","format-standard","has-post-thumbnail","hentry","category-dernieres-nouvelles"],"acf":{"advocacy_priorities":null},"yoast_head":"<!-- This site is optimized with the Yoast SEO plugin v27.5 - https:\/\/yoast.com\/product\/yoast-seo-wordpress\/ -->\n<title>\u00c9lections provinciales 2022 au Qu\u00e9bec : comparaison des plateformes des partis politiques - Association nationale des retrait\u00e9s f\u00e9d\u00e9raux<\/title>\n<meta name=\"robots\" content=\"noindex, follow, max-snippet:-1, max-image-preview:large, max-video-preview:-1\" \/>\n<meta property=\"og:locale\" content=\"fr_FR\" \/>\n<meta property=\"og:type\" content=\"article\" \/>\n<meta property=\"og:title\" content=\"\u00c9lections provinciales 2022 au Qu\u00e9bec : comparaison des plateformes des partis politiques - Association nationale des retrait\u00e9s f\u00e9d\u00e9raux\" \/>\n<meta property=\"og:description\" content=\"Pour se conformer aux r\u00e8gles d\u2019\u00c9lections Qu\u00e9bec, l\u2019Association nationale des retrait\u00e9s f\u00e9d\u00e9raux a compar\u00e9 les plateformes des 24&nbsp;partis politiques se pr\u00e9sentant aux \u00e9lections du 3&nbsp;octobre, pour vous permettre de prendre une d\u00e9cision \u00e9clair\u00e9e aux urnes. &nbsp; \u00c0 l\u2019Association nationale des...\" \/>\n<meta property=\"og:url\" content=\"https:\/\/staging2.federalretirees.ca\/fr\/nouvelles\/septembre\/elections-provinciales-2022-au-quebec-comparaison-des-plateformes-des-partis-politiques\/\" \/>\n<meta property=\"og:site_name\" content=\"Association nationale des retrait\u00e9s f\u00e9d\u00e9raux\" \/>\n<meta property=\"article:publisher\" content=\"https:\/\/www.facebook.com\/FederalRetirees\" \/>\n<meta property=\"article:published_time\" content=\"2022-09-29T20:16:21+00:00\" \/>\n<meta property=\"article:modified_time\" content=\"2026-02-05T01:16:25+00:00\" \/>\n<meta property=\"og:image\" content=\"https:\/\/nafr.dev.sparkadvocacy.dev\/wp-content\/uploads\/2026\/01\/drapeau_quebec_478583557.jpg\" \/>\n\t<meta property=\"og:image:width\" content=\"540\" \/>\n\t<meta property=\"og:image:height\" content=\"360\" \/>\n\t<meta property=\"og:image:type\" content=\"image\/jpeg\" \/>\n<meta name=\"author\" content=\"Federal Retirees\" \/>\n<meta name=\"twitter:card\" content=\"summary_large_image\" \/>\n<meta name=\"twitter:creator\" content=\"@fedretirees\" \/>\n<meta name=\"twitter:site\" content=\"@fedretirees\" \/>\n<meta name=\"twitter:label1\" content=\"\u00c9crit par\" \/>\n\t<meta name=\"twitter:data1\" content=\"Federal Retirees\" \/>\n\t<meta name=\"twitter:label2\" content=\"Dur\u00e9e de lecture estim\u00e9e\" \/>\n\t<meta name=\"twitter:data2\" content=\"8 minutes\" \/>\n<script type=\"application\/ld+json\" class=\"yoast-schema-graph\">{\"@context\":\"https:\\\/\\\/schema.org\",\"@graph\":[{\"@type\":\"Article\",\"@id\":\"https:\\\/\\\/staging2.federalretirees.ca\\\/fr\\\/nouvelles\\\/septembre\\\/elections-provinciales-2022-au-quebec-comparaison-des-plateformes-des-partis-politiques\\\/#article\",\"isPartOf\":{\"@id\":\"https:\\\/\\\/staging2.federalretirees.ca\\\/fr\\\/nouvelles\\\/septembre\\\/elections-provinciales-2022-au-quebec-comparaison-des-plateformes-des-partis-politiques\\\/\"},\"author\":{\"name\":\"Federal Retirees\",\"@id\":\"https:\\\/\\\/nafr.dev.sparkadvocacy.dev\\\/#\\\/schema\\\/person\\\/eafc9268b05dc44bc390cbc6c57ff476\"},\"headline\":\"\u00c9lections provinciales 2022 au Qu\u00e9bec : comparaison des plateformes des partis politiques\",\"datePublished\":\"2022-09-29T20:16:21+00:00\",\"dateModified\":\"2026-02-05T01:16:25+00:00\",\"mainEntityOfPage\":{\"@id\":\"https:\\\/\\\/staging2.federalretirees.ca\\\/fr\\\/nouvelles\\\/septembre\\\/elections-provinciales-2022-au-quebec-comparaison-des-plateformes-des-partis-politiques\\\/\"},\"wordCount\":1610,\"image\":{\"@id\":\"https:\\\/\\\/staging2.federalretirees.ca\\\/fr\\\/nouvelles\\\/septembre\\\/elections-provinciales-2022-au-quebec-comparaison-des-plateformes-des-partis-politiques\\\/#primaryimage\"},\"thumbnailUrl\":\"https:\\\/\\\/staging2.federalretirees.ca\\\/wp-content\\\/uploads\\\/2026\\\/01\\\/drapeau_quebec_478583557.jpg\",\"articleSection\":[\"Derni\u00e8res nouvelles\"],\"inLanguage\":\"fr-FR\"},{\"@type\":\"WebPage\",\"@id\":\"https:\\\/\\\/staging2.federalretirees.ca\\\/fr\\\/nouvelles\\\/septembre\\\/elections-provinciales-2022-au-quebec-comparaison-des-plateformes-des-partis-politiques\\\/\",\"url\":\"https:\\\/\\\/staging2.federalretirees.ca\\\/fr\\\/nouvelles\\\/septembre\\\/elections-provinciales-2022-au-quebec-comparaison-des-plateformes-des-partis-politiques\\\/\",\"name\":\"\u00c9lections provinciales 2022 au Qu\u00e9bec : comparaison des plateformes des partis politiques - Association nationale des retrait\u00e9s f\u00e9d\u00e9raux\",\"isPartOf\":{\"@id\":\"https:\\\/\\\/nafr.dev.sparkadvocacy.dev\\\/#website\"},\"primaryImageOfPage\":{\"@id\":\"https:\\\/\\\/staging2.federalretirees.ca\\\/fr\\\/nouvelles\\\/septembre\\\/elections-provinciales-2022-au-quebec-comparaison-des-plateformes-des-partis-politiques\\\/#primaryimage\"},\"image\":{\"@id\":\"https:\\\/\\\/staging2.federalretirees.ca\\\/fr\\\/nouvelles\\\/septembre\\\/elections-provinciales-2022-au-quebec-comparaison-des-plateformes-des-partis-politiques\\\/#primaryimage\"},\"thumbnailUrl\":\"https:\\\/\\\/staging2.federalretirees.ca\\\/wp-content\\\/uploads\\\/2026\\\/01\\\/drapeau_quebec_478583557.jpg\",\"datePublished\":\"2022-09-29T20:16:21+00:00\",\"dateModified\":\"2026-02-05T01:16:25+00:00\",\"author\":{\"@id\":\"https:\\\/\\\/nafr.dev.sparkadvocacy.dev\\\/#\\\/schema\\\/person\\\/eafc9268b05dc44bc390cbc6c57ff476\"},\"breadcrumb\":{\"@id\":\"https:\\\/\\\/staging2.federalretirees.ca\\\/fr\\\/nouvelles\\\/septembre\\\/elections-provinciales-2022-au-quebec-comparaison-des-plateformes-des-partis-politiques\\\/#breadcrumb\"},\"inLanguage\":\"fr-FR\",\"potentialAction\":[{\"@type\":\"ReadAction\",\"target\":[\"https:\\\/\\\/staging2.federalretirees.ca\\\/fr\\\/nouvelles\\\/septembre\\\/elections-provinciales-2022-au-quebec-comparaison-des-plateformes-des-partis-politiques\\\/\"]}]},{\"@type\":\"ImageObject\",\"inLanguage\":\"fr-FR\",\"@id\":\"https:\\\/\\\/staging2.federalretirees.ca\\\/fr\\\/nouvelles\\\/septembre\\\/elections-provinciales-2022-au-quebec-comparaison-des-plateformes-des-partis-politiques\\\/#primaryimage\",\"url\":\"https:\\\/\\\/staging2.federalretirees.ca\\\/wp-content\\\/uploads\\\/2026\\\/01\\\/drapeau_quebec_478583557.jpg\",\"contentUrl\":\"https:\\\/\\\/staging2.federalretirees.ca\\\/wp-content\\\/uploads\\\/2026\\\/01\\\/drapeau_quebec_478583557.jpg\",\"width\":540,\"height\":360},{\"@type\":\"BreadcrumbList\",\"@id\":\"https:\\\/\\\/staging2.federalretirees.ca\\\/fr\\\/nouvelles\\\/septembre\\\/elections-provinciales-2022-au-quebec-comparaison-des-plateformes-des-partis-politiques\\\/#breadcrumb\",\"itemListElement\":[{\"@type\":\"ListItem\",\"position\":1,\"name\":\"Home\",\"item\":\"https:\\\/\\\/nafr.dev.sparkadvocacy.dev\\\/fr\\\/\"},{\"@type\":\"ListItem\",\"position\":2,\"name\":\"\u00c9lections provinciales 2022 au Qu\u00e9bec : comparaison des plateformes des partis politiques\"}]},{\"@type\":\"WebSite\",\"@id\":\"https:\\\/\\\/nafr.dev.sparkadvocacy.dev\\\/#website\",\"url\":\"https:\\\/\\\/nafr.dev.sparkadvocacy.dev\\\/\",\"name\":\"National Association of Federal Retirees\",\"description\":\"\",\"potentialAction\":[{\"@type\":\"SearchAction\",\"target\":{\"@type\":\"EntryPoint\",\"urlTemplate\":\"https:\\\/\\\/nafr.dev.sparkadvocacy.dev\\\/?s={search_term_string}\"},\"query-input\":{\"@type\":\"PropertyValueSpecification\",\"valueRequired\":true,\"valueName\":\"search_term_string\"}}],\"inLanguage\":\"fr-FR\"},{\"@type\":\"Person\",\"@id\":\"https:\\\/\\\/nafr.dev.sparkadvocacy.dev\\\/#\\\/schema\\\/person\\\/eafc9268b05dc44bc390cbc6c57ff476\",\"name\":\"Federal Retirees\",\"image\":{\"@type\":\"ImageObject\",\"inLanguage\":\"fr-FR\",\"@id\":\"https:\\\/\\\/secure.gravatar.com\\\/avatar\\\/6d4a9693168abccf5d742b2510dcfefb1da1c0b64c74dd6803ad2131a67cd6ac?s=96&d=mm&r=g\",\"url\":\"https:\\\/\\\/secure.gravatar.com\\\/avatar\\\/6d4a9693168abccf5d742b2510dcfefb1da1c0b64c74dd6803ad2131a67cd6ac?s=96&d=mm&r=g\",\"contentUrl\":\"https:\\\/\\\/secure.gravatar.com\\\/avatar\\\/6d4a9693168abccf5d742b2510dcfefb1da1c0b64c74dd6803ad2131a67cd6ac?s=96&d=mm&r=g\",\"caption\":\"Federal Retirees\"},\"url\":\"https:\\\/\\\/staging2.federalretirees.ca\\\/fr\\\/author\\\/servicefederalretirees-ca\\\/\"}]}<\/script>\n<!-- \/ Yoast SEO plugin. -->","yoast_head_json":{"title":"\u00c9lections provinciales 2022 au Qu\u00e9bec : comparaison des plateformes des partis politiques - Association nationale des retrait\u00e9s f\u00e9d\u00e9raux","robots":{"index":"noindex","follow":"follow","max-snippet":"max-snippet:-1","max-image-preview":"max-image-preview:large","max-video-preview":"max-video-preview:-1"},"og_locale":"fr_FR","og_type":"article","og_title":"\u00c9lections provinciales 2022 au Qu\u00e9bec : comparaison des plateformes des partis politiques - Association nationale des retrait\u00e9s f\u00e9d\u00e9raux","og_description":"Pour se conformer aux r\u00e8gles d\u2019\u00c9lections Qu\u00e9bec, l\u2019Association nationale des retrait\u00e9s f\u00e9d\u00e9raux a compar\u00e9 les plateformes des 24&nbsp;partis politiques se pr\u00e9sentant aux \u00e9lections du 3&nbsp;octobre, pour vous permettre de prendre une d\u00e9cision \u00e9clair\u00e9e aux urnes. &nbsp; \u00c0 l\u2019Association nationale des...","og_url":"https:\/\/staging2.federalretirees.ca\/fr\/nouvelles\/septembre\/elections-provinciales-2022-au-quebec-comparaison-des-plateformes-des-partis-politiques\/","og_site_name":"Association nationale des retrait\u00e9s f\u00e9d\u00e9raux","article_publisher":"https:\/\/www.facebook.com\/FederalRetirees","article_published_time":"2022-09-29T20:16:21+00:00","article_modified_time":"2026-02-05T01:16:25+00:00","og_image":[{"width":540,"height":360,"url":"https:\/\/nafr.dev.sparkadvocacy.dev\/wp-content\/uploads\/2026\/01\/drapeau_quebec_478583557.jpg","type":"image\/jpeg"}],"author":"Federal Retirees","twitter_card":"summary_large_image","twitter_creator":"@fedretirees","twitter_site":"@fedretirees","twitter_misc":{"\u00c9crit par":"Federal Retirees","Dur\u00e9e de lecture estim\u00e9e":"8 minutes"},"schema":{"@context":"https:\/\/schema.org","@graph":[{"@type":"Article","@id":"https:\/\/staging2.federalretirees.ca\/fr\/nouvelles\/septembre\/elections-provinciales-2022-au-quebec-comparaison-des-plateformes-des-partis-politiques\/#article","isPartOf":{"@id":"https:\/\/staging2.federalretirees.ca\/fr\/nouvelles\/septembre\/elections-provinciales-2022-au-quebec-comparaison-des-plateformes-des-partis-politiques\/"},"author":{"name":"Federal Retirees","@id":"https:\/\/nafr.dev.sparkadvocacy.dev\/#\/schema\/person\/eafc9268b05dc44bc390cbc6c57ff476"},"headline":"\u00c9lections provinciales 2022 au Qu\u00e9bec : comparaison des plateformes des partis politiques","datePublished":"2022-09-29T20:16:21+00:00","dateModified":"2026-02-05T01:16:25+00:00","mainEntityOfPage":{"@id":"https:\/\/staging2.federalretirees.ca\/fr\/nouvelles\/septembre\/elections-provinciales-2022-au-quebec-comparaison-des-plateformes-des-partis-politiques\/"},"wordCount":1610,"image":{"@id":"https:\/\/staging2.federalretirees.ca\/fr\/nouvelles\/septembre\/elections-provinciales-2022-au-quebec-comparaison-des-plateformes-des-partis-politiques\/#primaryimage"},"thumbnailUrl":"https:\/\/staging2.federalretirees.ca\/wp-content\/uploads\/2026\/01\/drapeau_quebec_478583557.jpg","articleSection":["Derni\u00e8res nouvelles"],"inLanguage":"fr-FR"},{"@type":"WebPage","@id":"https:\/\/staging2.federalretirees.ca\/fr\/nouvelles\/septembre\/elections-provinciales-2022-au-quebec-comparaison-des-plateformes-des-partis-politiques\/","url":"https:\/\/staging2.federalretirees.ca\/fr\/nouvelles\/septembre\/elections-provinciales-2022-au-quebec-comparaison-des-plateformes-des-partis-politiques\/","name":"\u00c9lections provinciales 2022 au Qu\u00e9bec : comparaison des plateformes des partis politiques - Association nationale des retrait\u00e9s f\u00e9d\u00e9raux","isPartOf":{"@id":"https:\/\/nafr.dev.sparkadvocacy.dev\/#website"},"primaryImageOfPage":{"@id":"https:\/\/staging2.federalretirees.ca\/fr\/nouvelles\/septembre\/elections-provinciales-2022-au-quebec-comparaison-des-plateformes-des-partis-politiques\/#primaryimage"},"image":{"@id":"https:\/\/staging2.federalretirees.ca\/fr\/nouvelles\/septembre\/elections-provinciales-2022-au-quebec-comparaison-des-plateformes-des-partis-politiques\/#primaryimage"},"thumbnailUrl":"https:\/\/staging2.federalretirees.ca\/wp-content\/uploads\/2026\/01\/drapeau_quebec_478583557.jpg","datePublished":"2022-09-29T20:16:21+00:00","dateModified":"2026-02-05T01:16:25+00:00","author":{"@id":"https:\/\/nafr.dev.sparkadvocacy.dev\/#\/schema\/person\/eafc9268b05dc44bc390cbc6c57ff476"},"breadcrumb":{"@id":"https:\/\/staging2.federalretirees.ca\/fr\/nouvelles\/septembre\/elections-provinciales-2022-au-quebec-comparaison-des-plateformes-des-partis-politiques\/#breadcrumb"},"inLanguage":"fr-FR","potentialAction":[{"@type":"ReadAction","target":["https:\/\/staging2.federalretirees.ca\/fr\/nouvelles\/septembre\/elections-provinciales-2022-au-quebec-comparaison-des-plateformes-des-partis-politiques\/"]}]},{"@type":"ImageObject","inLanguage":"fr-FR","@id":"https:\/\/staging2.federalretirees.ca\/fr\/nouvelles\/septembre\/elections-provinciales-2022-au-quebec-comparaison-des-plateformes-des-partis-politiques\/#primaryimage","url":"https:\/\/staging2.federalretirees.ca\/wp-content\/uploads\/2026\/01\/drapeau_quebec_478583557.jpg","contentUrl":"https:\/\/staging2.federalretirees.ca\/wp-content\/uploads\/2026\/01\/drapeau_quebec_478583557.jpg","width":540,"height":360},{"@type":"BreadcrumbList","@id":"https:\/\/staging2.federalretirees.ca\/fr\/nouvelles\/septembre\/elections-provinciales-2022-au-quebec-comparaison-des-plateformes-des-partis-politiques\/#breadcrumb","itemListElement":[{"@type":"ListItem","position":1,"name":"Home","item":"https:\/\/nafr.dev.sparkadvocacy.dev\/fr\/"},{"@type":"ListItem","position":2,"name":"\u00c9lections provinciales 2022 au Qu\u00e9bec : comparaison des plateformes des partis politiques"}]},{"@type":"WebSite","@id":"https:\/\/nafr.dev.sparkadvocacy.dev\/#website","url":"https:\/\/nafr.dev.sparkadvocacy.dev\/","name":"National Association of Federal Retirees","description":"","potentialAction":[{"@type":"SearchAction","target":{"@type":"EntryPoint","urlTemplate":"https:\/\/nafr.dev.sparkadvocacy.dev\/?s={search_term_string}"},"query-input":{"@type":"PropertyValueSpecification","valueRequired":true,"valueName":"search_term_string"}}],"inLanguage":"fr-FR"},{"@type":"Person","@id":"https:\/\/nafr.dev.sparkadvocacy.dev\/#\/schema\/person\/eafc9268b05dc44bc390cbc6c57ff476","name":"Federal Retirees","image":{"@type":"ImageObject","inLanguage":"fr-FR","@id":"https:\/\/secure.gravatar.com\/avatar\/6d4a9693168abccf5d742b2510dcfefb1da1c0b64c74dd6803ad2131a67cd6ac?s=96&d=mm&r=g","url":"https:\/\/secure.gravatar.com\/avatar\/6d4a9693168abccf5d742b2510dcfefb1da1c0b64c74dd6803ad2131a67cd6ac?s=96&d=mm&r=g","contentUrl":"https:\/\/secure.gravatar.com\/avatar\/6d4a9693168abccf5d742b2510dcfefb1da1c0b64c74dd6803ad2131a67cd6ac?s=96&d=mm&r=g","caption":"Federal Retirees"},"url":"https:\/\/staging2.federalretirees.ca\/fr\/author\/servicefederalretirees-ca\/"}]}},"_links":{"self":[{"href":"https:\/\/staging2.federalretirees.ca\/fr\/wp-json\/wp\/v2\/posts\/6260","targetHints":{"allow":["GET"]}}],"collection":[{"href":"https:\/\/staging2.federalretirees.ca\/fr\/wp-json\/wp\/v2\/posts"}],"about":[{"href":"https:\/\/staging2.federalretirees.ca\/fr\/wp-json\/wp\/v2\/types\/post"}],"author":[{"embeddable":true,"href":"https:\/\/staging2.federalretirees.ca\/fr\/wp-json\/wp\/v2\/users\/27"}],"replies":[{"embeddable":true,"href":"https:\/\/staging2.federalretirees.ca\/fr\/wp-json\/wp\/v2\/comments?post=6260"}],"version-history":[{"count":0,"href":"https:\/\/staging2.federalretirees.ca\/fr\/wp-json\/wp\/v2\/posts\/6260\/revisions"}],"wp:featuredmedia":[{"embeddable":true,"href":"https:\/\/staging2.federalretirees.ca\/fr\/wp-json\/wp\/v2\/media\/11952"}],"wp:attachment":[{"href":"https:\/\/staging2.federalretirees.ca\/fr\/wp-json\/wp\/v2\/media?parent=6260"}],"wp:term":[{"taxonomy":"category","embeddable":true,"href":"https:\/\/staging2.federalretirees.ca\/fr\/wp-json\/wp\/v2\/categories?post=6260"},{"taxonomy":"post_tag","embeddable":true,"href":"https:\/\/staging2.federalretirees.ca\/fr\/wp-json\/wp\/v2\/tags?post=6260"}],"curies":[{"name":"wp","href":"https:\/\/api.w.org\/{rel}","templated":true}]}}